{"id":19,"date":"2015-07-15T10:36:59","date_gmt":"2015-07-15T10:36:59","guid":{"rendered":"http:\/\/fml.al\/?p=19"},"modified":"2015-07-15T10:36:59","modified_gmt":"2015-07-15T10:36:59","slug":"identifikimi-i-familjeve-dhe-personave-te-ngujuar-ne-rrethin-e-shkodres","status":"publish","type":"post","link":"http:\/\/fml.al\/index.php\/2015\/07\/15\/identifikimi-i-familjeve-dhe-personave-te-ngujuar-ne-rrethin-e-shkodres\/","title":{"rendered":"Identifikimi i familjeve dhe personave t\u00eb ngujuar n\u00eb rrethin e Shkodr\u00ebs"},"content":{"rendered":"<p>&nbsp;<\/p>\n<p>Hartuar nga: Forumi i Mendimit t\u00eb Lir\u00eb<\/p>\n<p>Me mb\u00ebshtetjen e OSFA, Shoq\u00ebria e Hapur p\u00ebr Shqip\u00ebrin\u00eb<\/p>\n<p>dhe asistenc\u00ebn e institucionit t\u00eb Avokatit t\u00eb Popullit<\/p>\n<p>Shkod\u00ebr, 2013<\/p>\n<p><strong><a href=\"http:\/\/fml.al\/wp-content\/uploads\/2015\/07\/femije-i-ngujuar-2.jpg\"><img loading=\"lazy\" decoding=\"async\" class=\"alignleft size-medium wp-image-20\" src=\"http:\/\/fml.al\/wp-content\/uploads\/2015\/07\/femije-i-ngujuar-2-300x203.jpg\" alt=\"femije i ngujuar 2\" width=\"300\" height=\"203\" srcset=\"http:\/\/fml.al\/wp-content\/uploads\/2015\/07\/femije-i-ngujuar-2-300x203.jpg 300w, http:\/\/fml.al\/wp-content\/uploads\/2015\/07\/femije-i-ngujuar-2.jpg 634w\" sizes=\"auto, (max-width: 300px) 100vw, 300px\" \/><\/a>Relacion mbi studimin: Identifikimi i familjeve dhe personave t\u00eb ngujuar n\u00eb rrethin e Shkodr\u00ebs<\/strong><\/p>\n<p><strong><em>P\u00ebrmbledhje<\/em><\/strong><\/p>\n<p>Ky studim \u00ebsht\u00eb realizuar nga organizata Forumi i Mendimit t\u00eb Lir\u00eb, me mb\u00ebshtetjen e OSFA, zyr\u00ebs s\u00eb Fondacionit Soros n\u00eb Shqip\u00ebri, n\u00eb bashk\u00ebpunim me Avokatin e Popullit dhe pushtetin vendor n\u00eb rrethin e Shkodr\u00ebs.<\/p>\n<p>Ai p\u00ebrmban informacione mbi numrin e personave q\u00eb jan\u00eb aktualisht t\u00eb ngujuar si pasoj\u00eb e kanosjes p\u00ebr gjakmarrje, mosh\u00ebn e tyre, koh\u00ebn e q\u00ebndrimit n\u00eb ngujim, gjendjen ekonomike dhe t\u00eb dh\u00ebna mbi konfliktin dhe familjen me t\u00eb cil\u00ebn ata jan\u00eb n\u00eb konflikt.<\/p>\n<p>Edhe pse t\u00eb dh\u00ebna t\u00eb pjesshme n\u00eb aspektin gjeografik, k\u00ebto jan\u00eb nj\u00eb d\u00ebshmi e brutalitetit me t\u00eb cilin ky fenomen mesjetar vazhdon t\u00eb bashk\u00ebjetoj\u00eb dhe ushtroj\u00eb ndikimin e tij n\u00eb jet\u00ebn e shqiptar\u00ebve, kryesisht n\u00eb zonat e Veriut t\u00eb vendit, por tashm\u00eb i shp\u00ebrndar\u00eb n\u00eb gjith\u00eb vendin si pasoj\u00eb e l\u00ebvizjes demografike.<\/p>\n<p><strong>Nga verifikimet q\u00eb u b\u00ebn\u00eb n\u00eb qytetin dhe komunat e Shkodr\u00ebs dhe Mal\u00ebsis\u00eb s\u00eb Madhe, rezulton se nga fenomeni i ngujimit jan\u00eb t\u00eb prekura 76 familje, me 230 persona nga t\u00eb cil\u00ebt 54 jan\u00eb n\u00ebn mosh\u00ebn 18 vjec. Jan\u00eb t\u00eb ngujuara gjithashtu edhe 19 familje por q\u00eb nuk jan\u00eb p\u00ebrfshir\u00eb n\u00eb k\u00ebt\u00eb databaz\u00eb, pasi nuk kan\u00eb pranuar t\u00eb japin t\u00eb dh\u00ebnat e tyre p\u00ebr shkak t\u00eb siguris\u00eb s\u00eb tyre. Gjithashtu, identifikohen edhe 33 familje si t\u00eb ngujuara, mbi baz\u00ebn e informacioneve t\u00eb m\u00ebparshme q\u00eb organizata ka patur, por edhe nga d\u00ebshmit\u00eb e pushtetit vendor apo burime t\u00eb tjera t\u00eb siguruara nga investigimet n\u00eb terren. Por k\u00ebto jan\u00eb zhvendosur nga vendbanimet, duke u larguar jasht\u00eb Shqip\u00ebris\u00eb ose drejt zonave urbane. Sipas informacioneve q\u00eb ne disponojm\u00eb, n\u00eb p\u00ebrgjith\u00ebsi ka nj\u00eb tendenc\u00eb t\u00eb zhvendosjes s\u00eb problemit drejt zonave t\u00eb Tiran\u00ebs dhe Durr\u00ebsit, ku mund\u00ebsia e strehimit p\u00ebr t\u00eb humbur kontaktet me familjet n\u00eb hasm\u00ebri \u00ebsht\u00eb m\u00eb e madhe.\u00a0 <\/strong><\/p>\n<p><strong><a href=\"http:\/\/fml.al\/wp-content\/uploads\/2015\/07\/femije-i-ngujuar.jpg\"><img loading=\"lazy\" decoding=\"async\" class=\"alignleft size-medium wp-image-21\" src=\"http:\/\/fml.al\/wp-content\/uploads\/2015\/07\/femije-i-ngujuar-300x213.jpg\" alt=\"femije i ngujuar\" width=\"300\" height=\"213\" srcset=\"http:\/\/fml.al\/wp-content\/uploads\/2015\/07\/femije-i-ngujuar-300x213.jpg 300w, http:\/\/fml.al\/wp-content\/uploads\/2015\/07\/femije-i-ngujuar.jpg 634w\" sizes=\"auto, (max-width: 300px) 100vw, 300px\" \/><\/a>Gjithashtu jan\u00eb 88 familje n\u00eb hasm\u00ebri, q\u00eb nuk jan\u00eb t\u00eb ngujuara, por kan\u00eb konflikte t\u00eb hapura.<\/strong><\/p>\n<p>Mes t\u00eb ngujuarve ka edhe f\u00ebmij\u00eb t\u00eb mitur, nga mosha 4 deri n\u00eb 6 vjec si dhe vajza e gra. T\u00eb gjith\u00eb t\u00eb miturit n\u00eb mosh\u00ebn e arsimit t\u00eb detyruar shkollor, nuk i frekuentojn\u00eb shkollat, si pasoj\u00eb e k\u00ebrc\u00ebnimit, dhe kan\u00eb marr\u00eb apo vazhdojn\u00eb t\u00eb marrin, m\u00ebsime t\u00eb pjesshme nga m\u00ebsues n\u00eb sht\u00ebpi, p\u00ebrmes nj\u00eb programi t\u00eb drejtoris\u00eb arsimore t\u00eb rrethit Shkod\u00ebr. Por, k\u00ebto m\u00ebsime jan\u00eb t\u00eb pamjaftueshme p\u00ebr ti konsideruar si t\u00eb arsimuar ata. Nd\u00ebrkoh\u00eb q\u00eb disa jan\u00eb n\u00eb kategorin\u00eb e analfabetit, pasi pozicioni gjeografik i venbanimit t\u00eb tyre, n\u00eb zona t\u00eb thella malore e t\u00eb izoluara gjat\u00eb dimrit nga kushtet atmosferike, e b\u00ebn t\u00eb pamundur zhvillimin e or\u00ebve t\u00eb m\u00ebsimit n\u00eb sht\u00ebpi, pasi m\u00ebsuesit nuk kan\u00eb me se t\u00eb udh\u00ebtojn\u00eb.<\/p>\n<p><strong><em>Karakteristika t\u00eb fenomenit<\/em><\/strong><\/p>\n<p>Po tu referohemi t\u00eb dh\u00ebnave t\u00eb siguruara nga ky studim dhe ti krahasojm\u00eb me t\u00eb dh\u00ebna t\u00eb m\u00ebparshme q\u00eb organizata disponon, konstatojm\u00eb se ka nj\u00eb reduktim t\u00eb numrit t\u00eb familjeve dhe personave t\u00eb ngujuar. Por realisht besojm\u00eb se kjo nuk tregon nj\u00eb trend n\u00eb zbritje t\u00eb dukuris\u00eb dhe zbehje t\u00eb fenomentin kriminal. Sipas informacioneve konfidenciale q\u00eb ne siguruam, gjat\u00eb dy viteve t\u00eb fundit kemi nj\u00eb zhvendosje t\u00eb familjeve dhe personave t\u00eb prekur n\u00eb drejtim zonave urbane, si n\u00eb Tiran\u00eb dhe Durr\u00ebs etj, ku ato shtrehohen n\u00eb banesa pa adres\u00eb, me q\u00ebllim humbjen e gjurm\u00ebve nga gjaksi. Nd\u00ebrsa, disa familje jan\u00eb larguar nga Shqip\u00ebria, pas liberalizimit t\u00eb vizave, duke mundur t\u00eb p\u00ebrfitojn\u00eb azil n\u00eb vende t\u00eb Bashkimit Europian, ku kan\u00eb paraqitur d\u00ebshmi q\u00eb jan\u00eb t\u00eb prekur nga ngujimi. N\u00eb vendbanimet e tyre kan\u00eb mbetur familje q\u00eb kan\u00eb nga 9-22 vjet t\u00eb ngujuar. N\u00eb k\u00ebto familje ka t\u00eb rinj q\u00eb kan\u00eb lindur dhe jan\u00eb rritur n\u00eb kushtet e ngujimit. K\u00ebto familje jan\u00eb tashm\u00eb t\u00eb zhytura n\u00eb kushtet e mjerimit, pasi t\u00eb gjitha mbijetojn\u00eb vet\u00ebm me ndihm\u00ebn ekonomike q\u00eb marrin nga pushteti vendor, ose nga t\u00eb ardhurat q\u00eb sigurojn\u00eb nga toka bujq\u00ebsore, vet\u00ebm nga puna e grave, pasi burrat nuk dalin nga sht\u00ebpia. Kjo kategori familjesh e ka patur dhe e ka t\u00eb pamundur edhe t\u00eb zhvendoset, pasi n\u00eb kushtet ekstreme t\u00eb varf\u00ebris\u00eb nuk mund t\u00eb blejn\u00eb apo paguajn\u00eb qera p\u00ebr banesa n\u00eb vendbanime t\u00eb tjera dhe as mund t\u00eb udh\u00ebtojn\u00eb jasht\u00eb vendit, p\u00ebr t\u00eb k\u00ebrkuar azil. Konstatojm\u00eb gjithashtu se ka familje t\u00eb reja q\u00eb jan\u00eb p\u00ebrfshir\u00eb n\u00eb ngujim gjat\u00eb 2 \u2013 3 viteve t\u00eb fundit, gjh\u00eb q\u00eb tregon vijim\u00ebsin\u00eb e fenomenit.<\/p>\n<p>Fenomeni i marrjes s\u00eb gjakut ka devijuar edhe nga tradita zakonore, duke \u00e7uar n\u00eb vrasjen edhe t\u00eb femrave, gj\u00eb e cila nuk parashikohet n\u00eb kodin zakonor q\u00eb motivon k\u00ebt\u00eb form\u00eb mesjetare t\u00eb t\u00eb b\u00ebrit drejt\u00ebsi. Gjithashtu kemi konstatuar familje q\u00eb kan\u00eb t\u00eb ngujuar edhe vajza edhe gra, gj\u00eb e cila nuk ka qen\u00eb, gjithashtu, karakteristik\u00eb e tradit\u00ebs kanunore.<\/p>\n<p>Konstatojm\u00eb se n\u00eb pjes\u00ebn m\u00eb t\u00eb madhe, familjet dhe personat q\u00eb vuajn\u00eb ngujimin nuk kan\u00eb lidhje me krimin. Shumica e familjeve vuajn\u00eb p\u00ebr nj\u00eb krim q\u00eb ka b\u00ebr\u00eb nj\u00eb i af\u00ebrm i tyre. Vet\u00ebm n\u00eb tre raste, autor\u00ebt e krimeve, p\u00ebr t\u00eb cilat vuan ngujimin familja ose i gjith\u00eb fisi, jan\u00eb larguar nga vendi, ose ende nuk jan\u00eb arrestuar p\u00ebr tiu n\u00ebnshtruar gjykimit. Nd\u00ebrsa n\u00eb rastet e tjera, ata ose jan\u00eb duke vuajtur d\u00ebnimin, jan\u00eb n\u00eb proces gjykimi, ose e kan\u00eb shlyer d\u00ebnimin sipas ligjit. Megjithat\u00eb, n\u00eb t\u00eb tria alternativat, familjet dhe t\u00eb af\u00ebrmit e autor\u00ebve vazhdojn\u00eb t\u00eb jen\u00eb t\u00eb ngujuar.<\/p>\n<p>T\u00eb gjitha familjet kan\u00eb qen\u00eb ose jan\u00eb n\u00eb proces negociimi, nd\u00ebrmjet\u00ebsimi, permes misionarev\u00eb t\u00eb pajtimit q\u00eb b\u00ebjn\u00eb nd\u00ebrmjet\u00ebsin p\u00ebr t\u00eb nxjerr\u00eb nga ngujimi familjet dhe personat e pafajsh\u00ebm.<\/p>\n<p>Personat e familjeve t\u00eb ngujuara jetojn\u00eb n\u00eb kushtet e traum\u00ebs psikologjike, pasi jetojn\u00eb me makthin e vdekjes dhe kushtet e plota t\u00eb izolimit t\u00eb sht\u00ebpis\u00eb.<\/p>\n<p><strong><em><a href=\"http:\/\/fml.al\/wp-content\/uploads\/2015\/07\/femije-te-ngujuar-3.jpg\"><img loading=\"lazy\" decoding=\"async\" class=\"alignleft size-medium wp-image-22\" src=\"http:\/\/fml.al\/wp-content\/uploads\/2015\/07\/femije-te-ngujuar-3-300x168.jpg\" alt=\"femije te ngujuar 3\" width=\"300\" height=\"168\" srcset=\"http:\/\/fml.al\/wp-content\/uploads\/2015\/07\/femije-te-ngujuar-3-300x168.jpg 300w, http:\/\/fml.al\/wp-content\/uploads\/2015\/07\/femije-te-ngujuar-3.jpg 645w\" sizes=\"auto, (max-width: 300px) 100vw, 300px\" \/><\/a>C\u00ebnimi i lirive dhe t\u00eb drejtave themelore<\/em><\/strong><\/p>\n<p>Vet\u00ebizolimi i k\u00ebtyre personave si pasoj\u00eb e k\u00ebrc\u00ebnimit, \u00ebsht\u00eb nj\u00eb shkelje brutale e t\u00eb drejtave t\u00eb njeriut. Atyre u mohohet t\u00eb gjitha lirit\u00eb dhe t\u00eb drejtat themelore, parashikuar n\u00eb Kushtetut\u00ebn e Republik\u00ebs s\u00eb Shqip\u00ebris\u00eb si dhe konventat europiane apo t\u00eb OKB-s\u00eb p\u00ebr t\u00eb drejt\u00ebt e njeriut, dhe f\u00ebmij\u00ebve n\u00eb ve\u00e7anti.<\/p>\n<p><strong><em>1- E drejta e jet\u00ebs<\/em><\/strong><\/p>\n<p>E drejta e jet\u00ebs \u00ebsht\u00eb e drejta thelb\u00ebsore dhe nj\u00ebkoh\u00ebsisht kushti kryesor p\u00ebr p\u00ebrpmbushjen dhe respektimin e t\u00eb drejtave t\u00eb tjera t\u00eb njeriut. Jo pa arsye, legjislatori e ka rradhitur t\u00eb par\u00ebn nd\u00ebr t\u00eb drejtat themelore. Garantimi i t\u00eb drejt\u00ebs s\u00eb jet\u00ebs \u00ebsht\u00eb gjithmon\u00eb dhe p\u00ebr cilindo thelb\u00ebsore por n\u00eb rastin kur b\u00ebhet fjal\u00eb p\u00ebr garantimin e k\u00ebsaj t\u00eb drejt\u00eb nj\u00eb f\u00ebmije, at\u00ebher\u00eb rritet r\u00ebnd\u00ebsia e garantimit t\u00eb saj. P\u00ebrfshirja e f\u00ebmij\u00ebve n\u00eb nj\u00eb prej kategorive sociale me nevoj\u00eb p\u00ebr p\u00ebrkujdesje t\u00eb ve\u00e7ant\u00eb, i atribuohet shum\u00eb element\u00ebve social\u00eb, fiziko-psikik\u00eb etj. M\u00eb e r\u00ebnd\u00ebsishme akoma b\u00ebhet mbrojtja dhe garantimi i mbrojtjes s\u00eb t\u00eb drejt\u00ebs s\u00eb jet\u00ebs p\u00ebr f\u00ebmij\u00ebt e ngujuar.<\/p>\n<p>Realiteti i shifrave zyrtare dhe ai i jetuar ndryshojn\u00eb shum\u00eb. K\u00ebshtu sipas vjetarit statistikor t\u00eb Ministris\u00eb s\u00eb Drejt\u00ebsis\u00eb, nga viti 2004 deri n\u00eb 2011 jan\u00eb d\u00ebnuar gjithsej p\u00ebr vepr\u00ebn penale t\u00eb parashikuar nga neni78\/2 \u201cVrasje me paramendim p\u00ebr gjakmarrje\u201d 99 raste, nd\u00ebrkoh\u00eb q\u00eb t\u00eb d\u00ebnuar n\u00eb baz\u00eb t\u00eb nenit 83\/a t\u00eb Kodit Penal p\u00ebr vepr\u00ebn \u201cKanosje serioze p\u00ebr hakmarrje dhe gjakmarrje\u201d, vep\u00ebr e cila prodhon edhe ngujimin, kan\u00eb q\u00ebn\u00eb gjithsej 11 raste. P\u00ebr vepr\u00ebn penale t\u00eb parashikuar nga neni 83\/b nuk \u00ebsht\u00eb d\u00ebnuar asnj\u00eb person sipas statistikave t\u00eb Ministirs\u00eb s\u00eb Drejt\u00ebsis\u00eb.<\/p>\n<p><strong><em>2- E drejta e arsimimit<\/em><\/strong><\/p>\n<p>Kushtetuta n\u00eb nenin 57 <em>parashikon \u201cKushdo ka t\u00eb drejt\u00ebn p\u00ebr arsimim\u201d.<\/em> Kjo e drejt\u00eb shoq\u00ebrohet nga detyrimi p\u00ebr t\u00eb garantuar arsimimim q\u00eb ka shteti dhe prind\u00ebrit apo kujdestar\u00ebt e f\u00ebmij\u00ebs. Arsmi shkollor i detyruesh\u00ebm caktohet me ligj t\u00eb posa\u00e7\u00ebm. Parimi i sistemit arsimor shqiptar \u00ebsht\u00eb n\u00eb p\u00ebrgjith\u00ebsi respektimi i t\u00eb gjitha t\u00eb drejtave dhe lirive themelore t\u00eb njeriut dhe n\u00eb ve\u00e7anti mbrojtja nga dhuna, diskriminimi mbi \u00e7far\u00ebdolloj baze sociale.<\/p>\n<p>Nj\u00eb parashikim mjaft i r\u00ebnd\u00ebsish\u00ebm, q\u00eb legjislatori shqiptar ka b\u00ebr\u00eb, duke i ardhur n\u00eb ndihm\u00eb edhe f\u00ebmij\u00ebve t\u00eb ngujuar nga gjakmarrja, \u00ebsht\u00eb ai i b\u00ebr\u00eb n\u00eb nenin 17 t\u00eb ligjit nr. 69\/2012 \u201cP\u00ebr sistemin arsimor parauniversitar n\u00eb Republik\u00ebn e Shqip\u00ebris\u00eb\u201d, ku parashikohet arsimi n\u00eb kushtet e sht\u00ebpis\u00eb i cili, ofrohet n\u00eb raste t\u00eb ve\u00e7anta, p\u00ebr t\u00eb gjitha klasat e arsimit baz\u00eb ose vet\u00ebm p\u00ebr disa prej tyre. Legjislatori ia ka deleguar Ministrit\u00a0 t\u00eb arsimit t\u00eb drejt\u00ebn p\u00ebr t\u00eb p\u00ebrcaktuar rastet e ve\u00e7anta, kriteret dhe procedurat p\u00ebr arsimimin n\u00eb kushtet e sht\u00ebpis\u00eb.<\/p>\n<p><strong><em>3- Liria e l\u00ebvizjes<\/em><\/strong><\/p>\n<p>Kushtetuta parashikon n\u00eb Nenin 38 se, kushdo ka t\u00eb drejt\u00eb t\u00eb zgjedh\u00eb vendbanimin si dhe t\u00eb l\u00ebviz\u00eb lirisht n\u00eb \u00e7do pjes\u00eb t\u00eb territorit t\u00eb shtetit. Askush nuk mund t\u00eb pengohet t\u00eb dal\u00eb lirisht jasht\u00eb shtetit. Ligji nr.10347, dat\u00eb 04.11.2010 \u201cP\u00ebr mbrojtjen e t\u00eb drejtave t\u00eb f\u00ebmij\u00ebs\u201d, e ka konceptuar t\u00eb drejt\u00ebn p\u00ebr lirin\u00eb e l\u00ebvizjes n\u00eb fom\u00eb negative duke sanksionuar se f\u00ebmij\u00ebs nuk i mohohet liria n\u00eb m\u00ebnyr\u00eb t\u00eb paligjshme dhe arbitrare. F\u00ebmij\u00ebs, q\u00eb i \u00ebsht\u00eb hequr apo kufizuar liria, i sigurohet ndihm\u00eb juridike e psikologjike n\u00eb \u00e7do gjendje dhe shkall\u00eb t\u00eb procedimit penal, n\u00eb p\u00ebrputhje me interesat e tij.<\/p>\n<p><strong><em>4- E drejta e pun\u00ebs dhe e drejta kund\u00ebr pun\u00ebs s\u00eb detyruar<\/em><\/strong><\/p>\n<p>E drejta e parashikuar n\u00eb Nenin 26 t\u00eb Kushtetut\u00ebs\u00a0 se askujt nuk mund t\u2019i k\u00ebrkohet t\u00eb kryej\u00eb nj\u00eb pun\u00eb t\u00eb detyruar, p\u00ebrve\u00e7se n\u00eb rastet e ekzekutimit t\u00eb nj\u00eb vendimi gjyq\u00ebsor, t\u00eb kryerjes s\u00eb sh\u00ebrbimit ushtarak, t\u00eb nj\u00eb sh\u00ebrbimi q\u00eb rrjedh nga nj\u00eb gjendje lufte, nga nj\u00eb gjendje e jasht\u00ebzakonshme ose nga nj\u00eb fatkeq\u00ebsi natyrore, q\u00eb k\u00ebrc\u00ebnon jet\u00ebn ose sh\u00ebndetin e njer\u00ebzve \u00ebsht\u00eb nj\u00eb nga t\u00eb drejtat themelore t\u00eb njeriut.<\/p>\n<p>Nd\u00ebrkoh\u00eb, Konventa \u201cP\u00ebr mbrojtjen e t\u00eb f\u00ebmij\u00ebve\u201d t\u00eb Kombeve t\u00eb Bashkuara, ka v\u00ebn\u00eb disa detyrime baze, minimale p\u00ebr shtetet pal\u00eb, q\u00eb t\u00eb p\u00ebrcaktojn\u00eb nj\u00eb minimum rregullash p\u00ebr kushtet e pun\u00ebs s\u00eb t\u00eb miturve, p\u00ebr mosh\u00ebn minimale, p\u00ebr orarin e pun\u00ebs, po ashtu edhe t\u00eb vendosjes s\u00eb gjobave dhe sanksioneve personave q\u00eb shkelin k\u00ebt\u00eb t\u00eb drejt\u00eb ose k\u00ebto garanci minimale. Po ashtu konventa parashikon se Shtetet Pal\u00eb njohin t\u00eb drejt\u00ebn e f\u00ebmij\u00ebs p\u00ebr t\u2019u mbrojtur nga shfryt\u00ebzimi ekonomik dhe nga kryerja e \u00e7do pune q\u00eb paraqet rreziqe ose q\u00eb c\u00ebnon edukimin e tij ose d\u00ebmton sh\u00ebndetin apo zhvillimin e tij fizik, mendor, shpirt\u00ebror, moral ose shoq\u00ebror.<\/p>\n<p>Grat\u00eb e ngujuara jan\u00eb nj\u00eb tjet\u00ebr kategori i presekutuar n\u00eb k\u00ebt\u00eb aspekt, duke q\u00ebn\u00eb se shpesh i bie atyre barra e mbajtjes s\u00eb familjes, duke b\u00ebr\u00eb t\u00eb vetmen pun\u00eb q\u00eb mund t\u00eb b\u00ebjn\u00eb n\u00eb kushtet ku jetojn\u00eb, t\u00eb punojn\u00eb tok\u00ebn. P\u00ebr t\u00eb garantuar mbijetes\u00ebn e familjes s\u00eb tyre, shpesh ato punojn\u00eb n\u00eb kushte gati skllav\u00ebrie, pasi \u00ebsht\u00eb i vetmi krah\u00eb pune q\u00eb ka edhe lirin\u00eb e l\u00ebvizjes.<\/p>\n<p><strong><em>5- Liria dhe t\u00eb drejtat politike<\/em><\/strong><\/p>\n<p>K\u00ebto jan\u00eb liri t\u00eb parashikuara nga kushtetuta nga Neni 45 deri n\u00eb Nenin 48 dhe q\u00eb lidhen me:<\/p>\n<ul>\n<li>Lirin\u00eb p\u00ebr t\u2019u organizuar kolektivisht p\u00ebr \u00e7far\u00ebdo q\u00ebllimi t\u00eb ligjsh\u00ebm<\/li>\n<li>Liria e tubimit paq\u00ebsor<\/li>\n<\/ul>\n<p>T\u00eb gjitha k\u00ebto t\u00eb drejta dhe liri themelore, jan\u00eb t\u00eb drejta pozitive dhe p\u00ebr t\u00eb cilat shteti detyrohet t\u00eb garantoj\u00eb respektimin e tyre dhe i garantohet \u00e7do individi q\u00eb p\u00ebrmbush kushtet dhe kriteret t\u00eb p\u00ebrcaktuara n\u00eb Kushtetut\u00eb edhe n\u00eb ligje t\u00eb posa\u00e7me. Por, ajo q\u00eb n\u00eb fakt ndodh \u00ebsht\u00eb q\u00eb k\u00ebto t\u00eb drejta dhe liri jan\u00eb t\u00eb lidhura ngusht\u00eb m\u00eb lirin\u00eb e l\u00ebvizjes dhe p\u00ebrsa koh\u00eb nj\u00eb individi, qoft\u00eb edhe f\u00ebmij\u00eb, p\u00ebrsa koh\u00eb nuk i garantohet liria e l\u00ebvizjes, nuk garantohen dhe nuk zbatohen dot n\u00eb praktik\u00eb as k\u00ebto liri dhe t\u00eb drejta.<\/p>\n<p><strong><em>6- Liria e nd\u00ebrgjegjes dhe e fes\u00eb<\/em><\/strong><\/p>\n<p>Neni 24 i Kushtetut\u00ebs parashikon q\u00eb liria e nd\u00ebrgjegjes dhe e fes\u00eb \u00ebsht\u00eb e garantuar. K\u00ebt\u00eb liri mund ta analizojm\u00eb n\u00eb disa dimensione: N\u00eb dimensionin e liris\u00eb p\u00ebr t\u00eb besuar n\u00eb nj\u00eb fe t\u00eb caktuar, duke e par\u00eb fen\u00eb si marr\u00ebdh\u00ebnia q\u00eb vendoset mes nj\u00eb personi dhe nj\u00eb apo m\u00eb shum\u00eb hyjnish ose fuqish mbinatyrore, apo t\u00eb nj\u00eb grupi njer\u00ebzish q\u00eb ushtrojn\u00eb t\u00eb nj\u00ebjtin kult, e cila nuk k\u00ebrkon nd\u00ebrhyrjen e shteti p\u00ebr tu realizuar. N\u00eb dimensionin e liris\u00eb s\u00eb nd\u00ebrgjegjes dhe e fes\u00eb, sikurse trajtohet n\u00eb paragrafin 2 t\u00eb nenit 24 t\u00eb Kushtetut\u00ebs:<\/p>\n<p><em>\u201cSecili \u00ebsht\u00eb i lir\u00eb t\u00eb zgjedh\u00eb ose t\u00eb ndryshoj\u00eb fen\u00eb ose bindjet, si dhe t\u2019i shfaq\u00eb ato individualisht ose kolektivisht, n\u00eb publik ose n\u00eb jet\u00ebn private, n\u00ebp\u00ebrmjet kultit, arsimimit, praktikave ose kryerjes s\u00eb riteve\u201d.<\/em><\/p>\n<p>Konventa \u201cMbi mbrojtjen e t\u00eb drejtave t\u00eb f\u00ebmij\u00ebve\u201d, e sip\u00ebrcituar, ka parashikuar n\u00eb Nenin 14 se, respektohet e drejta e f\u00ebmij\u00ebs p\u00ebr lirin\u00eb e mendimit, t\u00eb nd\u00ebrgjegjes dhe t\u00eb fes\u00eb. N\u00eb k\u00ebt\u00eb dispozit\u00eb, duke e ratifikuar k\u00ebt\u00eb Konvent\u00eb sipas parashikimeve t\u00eb nenit 122 t\u00eb Kushtetut\u00ebs, legjislatori shqiptar ka marr\u00eb p\u00ebrsip\u00ebr garantimin e k\u00ebsaj t\u00eb drejte dhe n\u00eb funksion t\u00eb k\u00ebsaj garancie ka v\u00ebn\u00eb si kusht kufizimin e k\u00ebsaj t\u00eb drejte vet\u00ebm n\u00ebp\u00ebrmjet ligjit dhe kur justifikohet me mbrojtjen e siguris\u00eb publike, rendit publik, sh\u00ebndetit dhe moralit publik, ose lirit\u00eb dhe t\u00eb drejtat themelore t\u00eb t\u00eb tjer\u00ebve. Kjo liri \u00ebsht\u00eb parashikuar edhe n\u00eb ligjin e posa\u00e7\u00ebm t\u00eb sip\u00ebrcituar 10347\/2010 \u201cP\u00ebr mbrojtjen e t\u00eb drejtave t\u00eb f\u00ebmij\u00ebs\u201d, duke i v\u00ebn\u00eb edhe nj\u00eb detyr\u00eb Prindit\/p\u00ebrfaq\u00ebsuesit ligjor t\u00eb f\u00ebmij\u00ebs t\u00eb drejtoj\u00eb at\u00eb n\u00eb ushtrimin e liris\u00eb s\u00eb mendimit, nd\u00ebrgjegjes dhe fes\u00eb, n\u00eb p\u00ebrputhje me zhvillimin e aft\u00ebsit\u00eb e tij.<\/p>\n<p><strong><em>7- Liria e shprehjes <\/em><\/strong><\/p>\n<p>N\u00eb nenin 22 t\u00eb Kushtetut\u00ebs sanskionohet e drejta e shprehjes, duke parashikuar q\u00eb, liria e shprehjes \u00ebsht\u00eb e garantuar. Liria e shtypit, e radios dhe e televizionit \u00ebsht\u00eb e garantuar. Censura paraprake e mjeteve t\u00eb komunikimit ndalohet. Sipas nenit 10 t\u00eb KEDrNj, liria e shprehjes p\u00ebrfshin n\u00eb vetvete edhe t\u00eb drejt\u00ebn e informimit, si nj\u00eb e drejt\u00eb themelore p\u00ebr t\u00eb marr\u00eb dhe p\u00ebr t\u00eb dh\u00ebn\u00eb informacion, pa nd\u00ebrhyrjen e autoriteteve publike.<\/p>\n<p>E drejta e shprehjes \u00ebsht\u00eb parashikuar edhe n\u00eb nenin 13 t\u00eb Kovent\u00ebs s\u00eb OKB \u201cMbi t\u00eb drejtat e F\u00ebmij\u00ebs\u201d, si nj\u00eb e drejt\u00eb q\u00eb p\u00ebrfshin:<\/p>\n<ol>\n<li>lirin\u00eb p\u00ebr t\u00eb k\u00ebrkuar,<\/li>\n<li>p\u00ebr t\u00eb marr\u00eb dhe p\u00ebr t\u00eb p\u00ebrcjell\u00eb informacione dhe ide t\u00eb \u00e7do lloji, pa marr\u00eb parasysh kufijt\u00eb, n\u00eb form\u00eb gojore, t\u00eb shkruar, t\u00eb shtypur ose artistike, ose me \u00e7do mjet tjet\u00ebr t\u00eb zgjedhur nga f\u00ebmija.<\/li>\n<\/ol>\n<p>Ushtrimi i k\u00ebsaj t\u00eb drejte mund t\u2019i n\u00ebnshtrohet disa kufizimeve, por vet\u00ebm kur p\u00ebrcaktohen me ligj dhe jan\u00eb t\u00eb domosdoshme p\u00ebr:<\/p>\n<p>(a) Respektimin e t\u00eb drejtave ose reputacionit t\u00eb t\u00eb tjer\u00ebve; ose<\/p>\n<p>(b) Mbrojtjen e sigurimit komb\u00ebtar, t\u00eb rendit publik, t\u00eb sh\u00ebndetit ose t\u00eb moralit publik.<\/p>\n<p><strong><em>8- E drejta e informimit<\/em><\/strong><\/p>\n<p>E drejta e informimit garantohet nga Kushtetuta n\u00eb nenin 23 t\u00eb saj ku ligjv\u00ebn\u00ebsi sanksionon se, kushdo ka t\u00eb drejt\u00eb, n\u00eb p\u00ebrputhje me ligjin, t\u00eb marr\u00eb informacion p\u00ebr veprimtarin\u00eb e organeve shtet\u00ebrore, si dhe t\u00eb personave q\u00eb ushtrojn\u00eb funksione shtet\u00ebrore.<\/p>\n<p>K\u00ebshtu me an\u00eb t\u00eb ligjit nr.10347, dat\u00eb 04.11.2010 \u201cP\u00ebr mbrojtjen e t\u00eb drejtave t\u00eb f\u00ebmij\u00ebs\u201d, n\u00eb nenin 15 \u00ebsht\u00eb parashikuar e drejta e informimit si nj\u00eb nga t\u00eb drejtat themelore t\u00eb f\u00ebmij\u00ebs duke parashikuar q\u00eb f\u00ebmija ka t\u00eb drejt\u00eb t\u00eb k\u00ebrkoj\u00eb ose t\u00eb marr\u00eb edhe pa e k\u00ebrkuar at\u00eb dhe kjo i referohet pamund\u00ebsis\u00eb s\u00eb t\u00eb kuptuarit p\u00ebr r\u00ebnd\u00ebsin\u00eb q\u00eb mund t\u00eb ket\u00eb nj\u00eb informacion i caktuar, n\u00eb lidhje me mir\u00ebq\u00ebnien, edukimin dhe zhvillimin e tij fizik dhe psikologjik. Po ashtu, f\u00ebmija ka t\u00eb drejt\u00eb t\u00eb ket\u00eb akses n\u00eb t\u00eb gjith\u00eb regjistrat ku mbahen t\u00eb dh\u00ebna p\u00ebr t\u00eb. Nj\u00eb f\u00ebmije t\u00eb ngujuar i mungon informacioni n\u00eb lidhje me mir\u00ebq\u00ebnien e tij, edukimin apo zhvillimin fizik dhe psikologjik por edhe n\u00ebse e p\u00ebrfiton k\u00ebt\u00eb informacion me burimet informative tek t\u00eb cilat ka akses, ai nuk mund t\u2019i p\u00ebrdor\u00eb k\u00ebto informacione p\u00ebr arritjen e q\u00ebllimit q\u00eb ato kan\u00eb.<\/p>\n<p><strong>Metodologjia e studimit<\/strong><\/p>\n<p>P\u00ebr mbledhjen e k\u00ebtij informacioni u shfryt\u00ebzuan t\u00eb dh\u00ebna dhe burime nga:<\/p>\n<p>-Studimet e m\u00ebparshme t\u00eb organizat\u00ebs mbi k\u00ebt\u00eb fush\u00eb<\/p>\n<p>-Policia e shtetit<\/p>\n<p>-Pushteti vendor<\/p>\n<p>-Drejtoria rajonale e arsimit, Shkod\u00ebr<\/p>\n<p>-Informacione t\u00eb siguara nga v\u00ebzhgimet dhe identifikimet e drejt\u00ebp\u00ebrdrejta n\u00eb terren<\/p>\n<p>Me t\u00eb gjitha familjet e p\u00ebrfshira n\u00eb k\u00ebt\u00eb studim \u00ebsht\u00eb marr\u00eb kontakt i drejt\u00ebp\u00ebrdrejt\u00eb, n\u00eb sht\u00ebpit\u00eb ku ata banojn\u00eb, duke garantuar ruajtjen e konfidencialitetit t\u00eb t\u00eb dh\u00ebn\u00ebave t\u00eb vendbanimit, apo informacione t\u00eb tjera q\u00eb mund t\u00eb c\u00ebnojn\u00eb sigurin\u00eb e jet\u00ebs apo pron\u00ebs s\u00eb tyre. N\u00eb k\u00ebt\u00eb databaz\u00eb jan\u00eb p\u00ebrfshir\u00eb vet\u00ebm emrat e personave, p\u00ebr t\u00eb cil\u00ebt vet\u00eb familjet pranojn\u00eb se jan\u00eb n\u00eb kushtet e ngujimit, izolimit n\u00eb kushtet e sht\u00ebpis\u00eb, deri n\u00eb momentin e realizimit t\u00eb k\u00ebtij studimi. N\u00eb t\u00eb jan\u00eb p\u00ebrfshir\u00eb informacionet q\u00eb kan\u00eb dh\u00ebn\u00eb vet\u00eb familjet, dhe konkretisht kryefamiljar\u00ebt, e ngujuar.<\/p>\n<p>N\u00eb k\u00ebt\u00eb databaz\u00eb nuk jan\u00eb p\u00ebrfshir\u00eb familje dhe persona t\u00eb ngujuar, t\u00eb cil\u00ebt kan\u00eb refuzuar t\u00eb jen\u00eb pjes\u00eb e saj, p\u00ebr shkak se nuk kan\u00eb preferuar t\u00eb b\u00ebjn\u00eb publike asgj\u00eb nga historia e tyre e konfliktit, p\u00ebrfshi edhe faktin se ato jan\u00eb t\u00eb prekur nga ngujimi. P\u00ebr k\u00ebto familje organizata zervon t\u00eb drejt\u00ebn p\u00ebr t\u00eb mos dh\u00ebn\u00eb asnj\u00eb lloj informacioni, lidhur me numrin e personave, mosh\u00ebn apo vendbanimet, edhe pse e dispononon k\u00ebt\u00eb informacion, qoft\u00eb t\u00eb oplot\u00eb n\u00eb disa , qoft\u00eb n\u00eb m\u00ebnyr\u00eb t\u00eb pjesshme.<\/p>\n<p><strong><em>Q\u00ebllimi i studimit<\/em><\/strong><\/p>\n<p>Q\u00ebllimi i k\u00ebtij studimi \u00ebsht\u00eb t\u00eb mbledh\u00eb t\u00eb dh\u00ebna mbi numrin e familjeve dhe personave t\u00eb ngujuar n\u00eb qarkun e Shkodr\u00ebs.<\/p>\n<p>Informacioni p\u00ebrfshin:<\/p>\n<p>-Numrin e familjeve<\/p>\n<p>-Numrin e personave<\/p>\n<p>-Personat e mitur, q\u00eb jan\u00eb n\u00eb nivelin e arsimit t\u00eb detyruesh\u00ebm shkollor<\/p>\n<p>-Nivelin e tyre arsimor<\/p>\n<p>-T\u00eb dh\u00ebna mbi gjendjen ekonomike t\u00eb familjeve t\u00eb ngujuara<\/p>\n<p>-Historikun dhe t\u00eb dh\u00ebna mbi konfliktin q\u00eb ka shkaktuar ngujimin<\/p>\n<p>&nbsp;<\/p>\n<p>Ky studim i adresohet institucionit t\u00eb Avokatit t\u00eb Popullit, i cili mbi baz\u00ebn e informacioneve, do t\u00eb rekomandoj\u00eb pran\u00eb organeve t\u00eb drejt\u00ebsis\u00eb, nisjen e procedurave hetimore p\u00ebr rastet e familjeve dhe personave t\u00eb ngujuar, lidhur me shkeljen e t\u00eb drejtave t\u00eb njeriut dhe neneve t\u00eb Kodit Penal, q\u00eb lidhen me kanosjen dhe detyrimin p\u00ebr ngujim.<\/p>\n<p>Q\u00ebllimi i mbledhjes s\u00eb k\u00ebtij informacioni \u00ebsht\u00eb hartimi i politikave sociale nga institucionet q\u00ebndrore dhe lokale t\u00eb pushtetit, p\u00ebr tu ardhur n\u00eb ndihm\u00eb personave t\u00eb izoluar n\u00eb kushtet e sht\u00ebpis\u00eb.<\/p>\n<p>Q\u00ebllimi i k\u00ebtij studimi \u00ebsht\u00eb ofrimi i t\u00eb dh\u00ebnave p\u00ebr autoritetet e arsimit, p\u00ebr t\u00eb p\u00ebrmir\u00ebsuar politikat arsimore p\u00ebr personat e ngujuar q\u00eb jan\u00eb n\u00eb mosh\u00ebn e arsimit t\u00eb detyruesh\u00ebm.<\/p>\n<p>&nbsp;<\/p>\n<p><strong><em>Konkluzione<\/em><\/strong><\/p>\n<p>N\u00eb t\u00eb dh\u00ebnat e k\u00ebtij studimi, i cili \u00ebsht\u00eb kufizuar vet\u00ebm p\u00ebr rrethin e Shkodr\u00ebs dhe fshatrat e\u00a0 Mal\u00ebsis\u00eb s\u00eb Madhe,tregojn\u00eb se fenomeni i gjakmrrjes dhe ngujimi si pasoj\u00eb e tij, \u00ebsht\u00eb ende i p\u00ebrhapur.<\/p>\n<p>Fenomeni nuk mund t\u00eb konsiderohet tashme thjesht\u00eb si verior, pasi ai \u00ebsht\u00eb p\u00ebrhapur edhe n\u00eb zona t\u00eb tjetra t\u00eb vendit, p\u00ebr shkak t\u00eb l\u00ebvizjes s\u00eb popullsis\u00eb nga Veriu drejt zonave t\u00eb tjera, duke bartur me vete si mentalitetin e gjakmarrjes ashtu edhe konfliktet e hapura.<\/p>\n<p>Institucionet arsimore, n\u00eb baz\u00eb t\u00eb ligjit 69\/2012 \u201cP\u00ebr sistemin arsimor parauniversitar n\u00eb Republik\u00ebn e Shqip\u00ebris\u00eb\u201d, kan\u00eb b\u00ebr\u00eb t\u00eb mundur dh\u00ebnien m\u00ebsim n\u00eb kushtet e sht\u00ebpis\u00eb p\u00ebr disa t\u00eb mitur, por duhet theksuar q\u00eb kjo b\u00ebhet aty ku \u00ebsht\u00eb e mundur mb\u00ebrritja apo destinacioni me mjetete transporti, pasi shum\u00eb prej familjeve jan\u00eb n\u00eb zona t\u00eb thella dhe \u00ebsht\u00eb e v\u00ebshtir\u00eb q\u00eb arsimtar\u00ebt t\u00eb shkojn\u00eb atje.<\/p>\n<p>Legjislatori ka q\u00ebn\u00eb i qart\u00eb n\u00eb luft\u00ebn kund\u00ebr k\u00ebtij fenomeni, duke parashikuar mjaft qart\u00eb n\u00eb Kushtetut\u00eb t\u00eb drejtat dhe lirit\u00eb themelore t\u00eb individit. Po ashtu, ka parashikuar edhe vepra penale t\u00eb posa\u00e7me p\u00ebr gjakmarrjen, neni 78\/2 dhe n\u00ebni 83-a dhe 83-b, n\u00eb Kodin Penal t\u00eb Republik\u00ebs s\u00eb Shqip\u00ebris\u00eb.<\/p>\n<p>Nj\u00eb nga funksionet e t\u00eb drejt\u00ebs penale \u00ebsht\u00eb parandalimi dhe pik\u00ebrisht kjo \u00ebsht\u00eb ajo q\u00eb duhet t\u00eb bejn\u00eb insitucionet kompetente sipas ligjit n\u00eb k\u00ebt\u00eb rast. T\u00eb parandalojn\u00eb nj\u00eb situat\u00eb kriminale kur disponojn\u00eb informcionin e nevojsh\u00ebm p\u00ebr k\u00ebt\u00eb.<\/p>\n<p>Ajo q\u00eb vihet re \u00ebsht\u00eb q\u00eb qindra t\u00eb rritur dhe f\u00ebmij\u00eb t\u00eb ngujuar, e madje edhe t\u00eb lindur t\u00eb ngujuar, nuk shijojn\u00eb n\u00eb asnj\u00eb dit\u00eb t\u00eb jet\u00ebs s\u00eb tyre t\u00eb drejtat e parashikuara n\u00eb kushtetut\u00eb.<\/p>\n<p><strong>Edhe pse n\u00eb kushtet e nj\u00eb arresti sht\u00ebpiak pa vendim gjykate, edhe pse t\u00eb k\u00ebrc\u00ebnuar me jet\u00ebn dhe n\u00eb kushtet e mohimit t\u00eb t\u00eb gjitha lirive dhe t\u00eb drejtave themelore t\u00eb njeriut, k\u00ebto raste dhe t\u00eb tjer\u00ebt, nuk jan\u00eb b\u00ebr\u00eb objekt i ndonj\u00eb hetimi penal nga organet e drejt\u00ebsis\u00eb, p\u00ebrjashtuar ndonj\u00eb rast t\u00eb vecant\u00eb. Vet\u00eb familjet nuk kan\u00eb denoncuar, pasi n\u00eb kushtet e mjerimit ekonomik dhe injoranc\u00ebs q\u00eb tashm\u00eb ka pllakosur nj\u00eb gjenerat\u00eb, nuk e kan\u00eb kultur\u00ebn juridike, nuk kan\u00eb mund\u00ebsi t\u00eb paguajn\u00eb avokat\u00eb, dhe mbi t\u00eb gjitha, ata i jan\u00eb n\u00ebnshtruar vet\u00ebizolimit si nj\u00eb m\u00ebnyr\u00eb p\u00ebr t\u00eb paguar nj\u00eb krim, p\u00ebr t\u00eb cilin nuk jan\u00eb as autor\u00eb, as bashk\u00ebpun\u00ebtor\u00eb. Por thjesht\u00eb kan\u00eb lidhje familjare ose lidhje gjaku me autorin e krimit, i cili n\u00eb shumic\u00ebn e rasteve i jan\u00eb n\u00ebnshtruar nd\u00ebshkimit sipas ligjeve penale n\u00eb fuqi. <\/strong><\/p>\n<p><strong>\u00a0<\/strong><\/p>\n<p><strong>Rekomandime<\/strong><\/p>\n<p><strong>\u00a0<\/strong><\/p>\n<p>Fenomeni i gjakmarrjes sikurse del edhe nga hulumtimet ne terren mbetet nje fenomen i rende qe megjithe disa masave te ndermara nga organet shteterore dhe organizatat jo qeveritare vazhdon te sjelle pasoja te renda jo vetem per familjet e perfshira por per te tere shoqerine shqiptare. Nder vite gjakmarrja po gjen terren ne kushtet e nje apatie per te rreguar me force kunder saj si fenomen dhe mentalitet qe vjen e forcohet duke tejkaluar zonat e njohura dhe duke u zgjeruar edhe ne territore qe nuk kane qene problematike ne kete drejtim. Jo paqellim ne progres raportet t\u00eb Bashkimit Europian p\u00ebr Shqip\u00ebrin\u00eb theksohet se vazhdojn\u00eb rastet e ngujimit t\u00eb f\u00ebmij\u00ebve n\u00eb sht\u00ebpi nga frika e gjakmarrjes dhe kerkohet marrja e masave per te perballur kete situate:<\/p>\n<p>Duke vleresuar veprimtarine e deritanishme te Avokatit te Popullit, ne do ti propozonim qe te ushtronte kompetencat e tij ligjiore ne vazhdim duke marre shkas edhe nga ky studim i pjesshem e te parashtronte rekomandime te tij per te gjitha strukturat qevrisese e me gjere edhe ne keto drejtime:<\/p>\n<ol>\n<li>Te rekomandoje nje strategji afat gjate ne luftimin e fenomenit te gjakmarrjes duke e kerkuar qe te kthehet ne nje prioritet kombetare dhe me perfshirje te masave te gjithaneshme sociale, ekonomike, ligjore, arsimore etj.<\/li>\n<li>T\u00eb kerkoje nga organet e drejtesise zbatimin e legjislacionit ne fuqi dhe ashp\u00ebrsimin e politikes penale per veprat penale qe jane pasoje e gjakmarrjes si dhe per aplikimin e dispozitave te drejteperdrejta te Kodit Penal te ndryshuar e n\u00eb ve\u00e7anti t\u00eb vepr\u00ebs penale t\u00eb kanosjes p\u00ebr gjakmarrje.<\/li>\n<li>T\u00eb kerkohet zbatimi i ligjit te posacem nr.9389, dat\u00eb 04.05.2005 \u201cP\u00ebr krijimin dhe funksionimin e K\u00ebshillit Kordinues n\u00eb luft\u00ebn kund\u00ebr gjakmarrjes\u201d. N\u00ebse \u00ebsht\u00eb e nevojshme t\u00eb parashikohen ndryshime n\u00eb k\u00ebt\u00eb ligj. Gjejm\u00eb rastin p\u00ebr t\u00eb kujtuar k\u00ebtu q\u00eb Avokati i Popullit i \u00ebsht\u00eb drejtuar nj\u00eb her\u00eb K\u00ebshillit t\u00eb Ministrave p\u00ebr nxjerrjen akteve n\u00ebnligjore n\u00eb zbatim t\u00eb nenit 7 t\u00eb k\u00ebtij ligji.<\/li>\n<li>T\u00eb mb\u00ebshtetet nga qeveria nj\u00eb plan veprimi p\u00ebr identifikimin dhe dokumentimin e fenomentit n\u00eb t\u00eb gjith\u00eb vendin, p\u00ebr t\u00eb ti dh\u00ebn\u00eb fund kakofonis\u00eb s\u00eb shifrave, abuzimit por edhe p\u00ebr t\u00eb krijuar nj\u00eb ide t\u00eb qart\u00eb mbi p\u00ebrmasat dhe shtrirjen e fenomenti.<\/li>\n<li>T\u00eb rekomandoje ngritjen e grupeve nd\u00ebrinstitucionale t\u00eb cilat t\u00eb merren me studimin e her\u00eb pas hersh\u00ebm n\u00eb terren, n\u00eb lidhje me ecurin\u00eb e k\u00ebtij fenomeni.<\/li>\n<li>T\u00eb rekomandoje krijijimin e nj\u00eb sh\u00ebrbimi pran\u00eb Ministris\u00eb s\u00eb Arsimit, i cili t\u00eb pajise me libra shkollor, broshura informuese por edhe t\u00eb personave t\u00eb specializuar p\u00ebr nd\u00ebrgjegj\u00ebsimin e t\u00eb drejtave t\u00eb shkelura t\u00eb k\u00ebtyre familjeve t\u00eb ngujuara.<\/li>\n<li>T\u00eb k\u00ebrkohet alokimi dhe ngritja e nj\u00eb fondi t\u00eb ve\u00e7ant\u00eb buxhetor ose n\u00eb buxhetin e Ministris\u00eb s\u00eb Sh\u00ebndet\u00ebsis\u00eb, p\u00ebr garantimin e p\u00ebrkujdesjes shendet\u00ebsore dhe pran\u00eb Ministris\u00eb s\u00eb Mir\u00ebq\u00ebnies Social dhe e Rinis\u00eb, p\u00ebr ndihmat ekonomike p\u00ebr k\u00ebto familje.<\/li>\n<li>T\u00eb nd\u00ebrhyhet me nj\u00eb plan masash nga Ministria e Brendshme p\u00ebr marrjen n\u00eb mbrojtje t\u00eb familjeve t\u00eb ngujuara, n\u00eb ve\u00e7anti t\u00eb antar\u00ebve t\u00eb mitur t\u00eb k\u00ebtyre familjeve, etj.<\/li>\n<\/ol>\n<p>Lista e familjeve dhe personave eshte konfidenciale dhe disponohet nga organizata<\/p>\n<div id=\"fb_share_1\" style=\"float: right; margin-left: 10px;\"><a name=\"fb_share\" type=\"box_count\" share_url=\"http:\/\/fml.al\/index.php\/2015\/07\/15\/identifikimi-i-familjeve-dhe-personave-te-ngujuar-ne-rrethin-e-shkodres\/\" href=\"http:\/\/www.facebook.com\/sharer.php\">Share<\/a><\/div><div><script src=\"http:\/\/static.ak.fbcdn.net\/connect.php\/js\/FB.Share\" type=\"text\/javascript\"><\/script><\/div>","protected":false},"excerpt":{"rendered":"<p>&nbsp; Hartuar nga: Forumi i Mendimit t\u00eb Lir\u00eb Me mb\u00ebshtetjen e OSFA, Shoq\u00ebria e Hapur p\u00ebr Shqip\u00ebrin\u00eb dhe asistenc\u00ebn e institucionit t\u00eb Avokatit t\u00eb Popullit Shkod\u00ebr, 2013 Relacion mbi studimin: Identifikimi i familjeve dhe personave t\u00eb ngujuar n\u00eb rrethin e Shkodr\u00ebs P\u00ebrmbledhje Ky studim \u00ebsht\u00eb realizuar nga organizata Forumi i Mendimit t\u00eb Lir\u00eb, me mb\u00ebshtetjen [&hellip;]<\/p>\n","protected":false},"author":1,"featured_media":20,"comment_status":"open","ping_status":"open","sticky":false,"template":"","format":"standard","meta":{"footnotes":""},"categories":[2,1],"tags":[],"class_list":["post-19","post","type-post","status-publish","format-standard","has-post-thumbnail","hentry","category-aktivitete","category-kryesore"],"yoast_head":"<!-- This site is optimized with the Yoast SEO plugin v23.8 - https:\/\/yoast.com\/wordpress\/plugins\/seo\/ -->\n<title>Identifikimi i familjeve dhe personave t\u00eb ngujuar n\u00eb rrethin e Shkodr\u00ebs - Forumi i Mendimit t\u00eb Lir\u00eb<\/title>\n<meta name=\"robots\" content=\"index, follow, max-snippet:-1, max-image-preview:large, max-video-preview:-1\" \/>\n<link rel=\"canonical\" href=\"http:\/\/fml.al\/index.php\/2015\/07\/15\/identifikimi-i-familjeve-dhe-personave-te-ngujuar-ne-rrethin-e-shkodres\/\" \/>\n<meta property=\"og:locale\" content=\"en_US\" \/>\n<meta property=\"og:type\" content=\"article\" \/>\n<meta property=\"og:title\" content=\"Identifikimi i familjeve dhe personave t\u00eb ngujuar n\u00eb rrethin e Shkodr\u00ebs - Forumi i Mendimit t\u00eb Lir\u00eb\" \/>\n<meta property=\"og:description\" content=\"&nbsp; Hartuar nga: Forumi i Mendimit t\u00eb Lir\u00eb Me mb\u00ebshtetjen e OSFA, Shoq\u00ebria e Hapur p\u00ebr Shqip\u00ebrin\u00eb dhe asistenc\u00ebn e institucionit t\u00eb Avokatit t\u00eb Popullit Shkod\u00ebr, 2013 Relacion mbi studimin: Identifikimi i familjeve dhe personave t\u00eb ngujuar n\u00eb rrethin e Shkodr\u00ebs P\u00ebrmbledhje Ky studim \u00ebsht\u00eb realizuar nga organizata Forumi i Mendimit t\u00eb Lir\u00eb, me mb\u00ebshtetjen [&hellip;]\" \/>\n<meta property=\"og:url\" content=\"http:\/\/fml.al\/index.php\/2015\/07\/15\/identifikimi-i-familjeve-dhe-personave-te-ngujuar-ne-rrethin-e-shkodres\/\" \/>\n<meta property=\"og:site_name\" content=\"Forumi i Mendimit t\u00eb Lir\u00eb\" \/>\n<meta property=\"article:published_time\" content=\"2015-07-15T10:36:59+00:00\" \/>\n<meta property=\"og:image\" content=\"http:\/\/fml.al\/wp-content\/uploads\/2015\/07\/femije-i-ngujuar-2.jpg\" \/>\n\t<meta property=\"og:image:width\" content=\"634\" \/>\n\t<meta property=\"og:image:height\" content=\"428\" \/>\n\t<meta property=\"og:image:type\" content=\"image\/jpeg\" \/>\n<meta name=\"author\" content=\"FML\" \/>\n<meta name=\"twitter:card\" content=\"summary_large_image\" \/>\n<meta name=\"twitter:label1\" content=\"Written by\" \/>\n\t<meta name=\"twitter:data1\" content=\"FML\" \/>\n\t<meta name=\"twitter:label2\" content=\"Est. reading time\" \/>\n\t<meta name=\"twitter:data2\" content=\"22 minutes\" \/>\n<script type=\"application\/ld+json\" class=\"yoast-schema-graph\">{\"@context\":\"https:\/\/schema.org\",\"@graph\":[{\"@type\":\"Article\",\"@id\":\"http:\/\/fml.al\/index.php\/2015\/07\/15\/identifikimi-i-familjeve-dhe-personave-te-ngujuar-ne-rrethin-e-shkodres\/#article\",\"isPartOf\":{\"@id\":\"http:\/\/fml.al\/index.php\/2015\/07\/15\/identifikimi-i-familjeve-dhe-personave-te-ngujuar-ne-rrethin-e-shkodres\/\"},\"author\":{\"name\":\"FML\",\"@id\":\"https:\/\/fml.al\/#\/schema\/person\/da778852d71d1a09b8e030100b4ab4d6\"},\"headline\":\"Identifikimi i familjeve dhe personave t\u00eb ngujuar n\u00eb rrethin e Shkodr\u00ebs\",\"datePublished\":\"2015-07-15T10:36:59+00:00\",\"dateModified\":\"2015-07-15T10:36:59+00:00\",\"mainEntityOfPage\":{\"@id\":\"http:\/\/fml.al\/index.php\/2015\/07\/15\/identifikimi-i-familjeve-dhe-personave-te-ngujuar-ne-rrethin-e-shkodres\/\"},\"wordCount\":4405,\"commentCount\":0,\"publisher\":{\"@id\":\"https:\/\/fml.al\/#organization\"},\"image\":{\"@id\":\"http:\/\/fml.al\/index.php\/2015\/07\/15\/identifikimi-i-familjeve-dhe-personave-te-ngujuar-ne-rrethin-e-shkodres\/#primaryimage\"},\"thumbnailUrl\":\"http:\/\/fml.al\/wp-content\/uploads\/2015\/07\/femije-i-ngujuar-2.jpg\",\"articleSection\":[\"Aktivitete\",\"Kryesore\"],\"inLanguage\":\"en-US\",\"potentialAction\":[{\"@type\":\"CommentAction\",\"name\":\"Comment\",\"target\":[\"http:\/\/fml.al\/index.php\/2015\/07\/15\/identifikimi-i-familjeve-dhe-personave-te-ngujuar-ne-rrethin-e-shkodres\/#respond\"]}]},{\"@type\":\"WebPage\",\"@id\":\"http:\/\/fml.al\/index.php\/2015\/07\/15\/identifikimi-i-familjeve-dhe-personave-te-ngujuar-ne-rrethin-e-shkodres\/\",\"url\":\"http:\/\/fml.al\/index.php\/2015\/07\/15\/identifikimi-i-familjeve-dhe-personave-te-ngujuar-ne-rrethin-e-shkodres\/\",\"name\":\"Identifikimi i familjeve dhe personave t\u00eb ngujuar n\u00eb rrethin e Shkodr\u00ebs - Forumi i Mendimit t\u00eb Lir\u00eb\",\"isPartOf\":{\"@id\":\"https:\/\/fml.al\/#website\"},\"primaryImageOfPage\":{\"@id\":\"http:\/\/fml.al\/index.php\/2015\/07\/15\/identifikimi-i-familjeve-dhe-personave-te-ngujuar-ne-rrethin-e-shkodres\/#primaryimage\"},\"image\":{\"@id\":\"http:\/\/fml.al\/index.php\/2015\/07\/15\/identifikimi-i-familjeve-dhe-personave-te-ngujuar-ne-rrethin-e-shkodres\/#primaryimage\"},\"thumbnailUrl\":\"http:\/\/fml.al\/wp-content\/uploads\/2015\/07\/femije-i-ngujuar-2.jpg\",\"datePublished\":\"2015-07-15T10:36:59+00:00\",\"dateModified\":\"2015-07-15T10:36:59+00:00\",\"breadcrumb\":{\"@id\":\"http:\/\/fml.al\/index.php\/2015\/07\/15\/identifikimi-i-familjeve-dhe-personave-te-ngujuar-ne-rrethin-e-shkodres\/#breadcrumb\"},\"inLanguage\":\"en-US\",\"potentialAction\":[{\"@type\":\"ReadAction\",\"target\":[\"http:\/\/fml.al\/index.php\/2015\/07\/15\/identifikimi-i-familjeve-dhe-personave-te-ngujuar-ne-rrethin-e-shkodres\/\"]}]},{\"@type\":\"ImageObject\",\"inLanguage\":\"en-US\",\"@id\":\"http:\/\/fml.al\/index.php\/2015\/07\/15\/identifikimi-i-familjeve-dhe-personave-te-ngujuar-ne-rrethin-e-shkodres\/#primaryimage\",\"url\":\"http:\/\/fml.al\/wp-content\/uploads\/2015\/07\/femije-i-ngujuar-2.jpg\",\"contentUrl\":\"http:\/\/fml.al\/wp-content\/uploads\/2015\/07\/femije-i-ngujuar-2.jpg\",\"width\":634,\"height\":428},{\"@type\":\"BreadcrumbList\",\"@id\":\"http:\/\/fml.al\/index.php\/2015\/07\/15\/identifikimi-i-familjeve-dhe-personave-te-ngujuar-ne-rrethin-e-shkodres\/#breadcrumb\",\"itemListElement\":[{\"@type\":\"ListItem\",\"position\":1,\"name\":\"Home\",\"item\":\"https:\/\/fml.al\/\"},{\"@type\":\"ListItem\",\"position\":2,\"name\":\"Identifikimi i familjeve dhe personave t\u00eb ngujuar n\u00eb rrethin e Shkodr\u00ebs\"}]},{\"@type\":\"WebSite\",\"@id\":\"https:\/\/fml.al\/#website\",\"url\":\"https:\/\/fml.al\/\",\"name\":\"Forumi i Mendimit t\u00eb Lir\u00eb\",\"description\":\"FML.al\",\"publisher\":{\"@id\":\"https:\/\/fml.al\/#organization\"},\"potentialAction\":[{\"@type\":\"SearchAction\",\"target\":{\"@type\":\"EntryPoint\",\"urlTemplate\":\"https:\/\/fml.al\/?s={search_term_string}\"},\"query-input\":{\"@type\":\"PropertyValueSpecification\",\"valueRequired\":true,\"valueName\":\"search_term_string\"}}],\"inLanguage\":\"en-US\"},{\"@type\":\"Organization\",\"@id\":\"https:\/\/fml.al\/#organization\",\"name\":\"Forumi i Mendimit t\u00eb Lir\u00eb\",\"url\":\"https:\/\/fml.al\/\",\"logo\":{\"@type\":\"ImageObject\",\"inLanguage\":\"en-US\",\"@id\":\"https:\/\/fml.al\/#\/schema\/logo\/image\/\",\"url\":\"https:\/\/fml.al\/wp-content\/uploads\/2015\/07\/fml_Logo.jpg\",\"contentUrl\":\"https:\/\/fml.al\/wp-content\/uploads\/2015\/07\/fml_Logo.jpg\",\"width\":186,\"height\":200,\"caption\":\"Forumi i Mendimit t\u00eb Lir\u00eb\"},\"image\":{\"@id\":\"https:\/\/fml.al\/#\/schema\/logo\/image\/\"}},{\"@type\":\"Person\",\"@id\":\"https:\/\/fml.al\/#\/schema\/person\/da778852d71d1a09b8e030100b4ab4d6\",\"name\":\"FML\",\"image\":{\"@type\":\"ImageObject\",\"inLanguage\":\"en-US\",\"@id\":\"https:\/\/fml.al\/#\/schema\/person\/image\/\",\"url\":\"https:\/\/secure.gravatar.com\/avatar\/1e9eac40b6efa4f698724a118e44a742?s=96&d=mm&r=g\",\"contentUrl\":\"https:\/\/secure.gravatar.com\/avatar\/1e9eac40b6efa4f698724a118e44a742?s=96&d=mm&r=g\",\"caption\":\"FML\"},\"url\":\"http:\/\/fml.al\/index.php\/author\/besmir\/\"}]}<\/script>\n<!-- \/ Yoast SEO plugin. -->","yoast_head_json":{"title":"Identifikimi i familjeve dhe personave t\u00eb ngujuar n\u00eb rrethin e Shkodr\u00ebs - Forumi i Mendimit t\u00eb Lir\u00eb","robots":{"index":"index","follow":"follow","max-snippet":"max-snippet:-1","max-image-preview":"max-image-preview:large","max-video-preview":"max-video-preview:-1"},"canonical":"http:\/\/fml.al\/index.php\/2015\/07\/15\/identifikimi-i-familjeve-dhe-personave-te-ngujuar-ne-rrethin-e-shkodres\/","og_locale":"en_US","og_type":"article","og_title":"Identifikimi i familjeve dhe personave t\u00eb ngujuar n\u00eb rrethin e Shkodr\u00ebs - Forumi i Mendimit t\u00eb Lir\u00eb","og_description":"&nbsp; Hartuar nga: Forumi i Mendimit t\u00eb Lir\u00eb Me mb\u00ebshtetjen e OSFA, Shoq\u00ebria e Hapur p\u00ebr Shqip\u00ebrin\u00eb dhe asistenc\u00ebn e institucionit t\u00eb Avokatit t\u00eb Popullit Shkod\u00ebr, 2013 Relacion mbi studimin: Identifikimi i familjeve dhe personave t\u00eb ngujuar n\u00eb rrethin e Shkodr\u00ebs P\u00ebrmbledhje Ky studim \u00ebsht\u00eb realizuar nga organizata Forumi i Mendimit t\u00eb Lir\u00eb, me mb\u00ebshtetjen [&hellip;]","og_url":"http:\/\/fml.al\/index.php\/2015\/07\/15\/identifikimi-i-familjeve-dhe-personave-te-ngujuar-ne-rrethin-e-shkodres\/","og_site_name":"Forumi i Mendimit t\u00eb Lir\u00eb","article_published_time":"2015-07-15T10:36:59+00:00","og_image":[{"width":634,"height":428,"url":"http:\/\/fml.al\/wp-content\/uploads\/2015\/07\/femije-i-ngujuar-2.jpg","type":"image\/jpeg"}],"author":"FML","twitter_card":"summary_large_image","twitter_misc":{"Written by":"FML","Est. reading time":"22 minutes"},"schema":{"@context":"https:\/\/schema.org","@graph":[{"@type":"Article","@id":"http:\/\/fml.al\/index.php\/2015\/07\/15\/identifikimi-i-familjeve-dhe-personave-te-ngujuar-ne-rrethin-e-shkodres\/#article","isPartOf":{"@id":"http:\/\/fml.al\/index.php\/2015\/07\/15\/identifikimi-i-familjeve-dhe-personave-te-ngujuar-ne-rrethin-e-shkodres\/"},"author":{"name":"FML","@id":"https:\/\/fml.al\/#\/schema\/person\/da778852d71d1a09b8e030100b4ab4d6"},"headline":"Identifikimi i familjeve dhe personave t\u00eb ngujuar n\u00eb rrethin e Shkodr\u00ebs","datePublished":"2015-07-15T10:36:59+00:00","dateModified":"2015-07-15T10:36:59+00:00","mainEntityOfPage":{"@id":"http:\/\/fml.al\/index.php\/2015\/07\/15\/identifikimi-i-familjeve-dhe-personave-te-ngujuar-ne-rrethin-e-shkodres\/"},"wordCount":4405,"commentCount":0,"publisher":{"@id":"https:\/\/fml.al\/#organization"},"image":{"@id":"http:\/\/fml.al\/index.php\/2015\/07\/15\/identifikimi-i-familjeve-dhe-personave-te-ngujuar-ne-rrethin-e-shkodres\/#primaryimage"},"thumbnailUrl":"http:\/\/fml.al\/wp-content\/uploads\/2015\/07\/femije-i-ngujuar-2.jpg","articleSection":["Aktivitete","Kryesore"],"inLanguage":"en-US","potentialAction":[{"@type":"CommentAction","name":"Comment","target":["http:\/\/fml.al\/index.php\/2015\/07\/15\/identifikimi-i-familjeve-dhe-personave-te-ngujuar-ne-rrethin-e-shkodres\/#respond"]}]},{"@type":"WebPage","@id":"http:\/\/fml.al\/index.php\/2015\/07\/15\/identifikimi-i-familjeve-dhe-personave-te-ngujuar-ne-rrethin-e-shkodres\/","url":"http:\/\/fml.al\/index.php\/2015\/07\/15\/identifikimi-i-familjeve-dhe-personave-te-ngujuar-ne-rrethin-e-shkodres\/","name":"Identifikimi i familjeve dhe personave t\u00eb ngujuar n\u00eb rrethin e Shkodr\u00ebs - Forumi i Mendimit t\u00eb Lir\u00eb","isPartOf":{"@id":"https:\/\/fml.al\/#website"},"primaryImageOfPage":{"@id":"http:\/\/fml.al\/index.php\/2015\/07\/15\/identifikimi-i-familjeve-dhe-personave-te-ngujuar-ne-rrethin-e-shkodres\/#primaryimage"},"image":{"@id":"http:\/\/fml.al\/index.php\/2015\/07\/15\/identifikimi-i-familjeve-dhe-personave-te-ngujuar-ne-rrethin-e-shkodres\/#primaryimage"},"thumbnailUrl":"http:\/\/fml.al\/wp-content\/uploads\/2015\/07\/femije-i-ngujuar-2.jpg","datePublished":"2015-07-15T10:36:59+00:00","dateModified":"2015-07-15T10:36:59+00:00","breadcrumb":{"@id":"http:\/\/fml.al\/index.php\/2015\/07\/15\/identifikimi-i-familjeve-dhe-personave-te-ngujuar-ne-rrethin-e-shkodres\/#breadcrumb"},"inLanguage":"en-US","potentialAction":[{"@type":"ReadAction","target":["http:\/\/fml.al\/index.php\/2015\/07\/15\/identifikimi-i-familjeve-dhe-personave-te-ngujuar-ne-rrethin-e-shkodres\/"]}]},{"@type":"ImageObject","inLanguage":"en-US","@id":"http:\/\/fml.al\/index.php\/2015\/07\/15\/identifikimi-i-familjeve-dhe-personave-te-ngujuar-ne-rrethin-e-shkodres\/#primaryimage","url":"http:\/\/fml.al\/wp-content\/uploads\/2015\/07\/femije-i-ngujuar-2.jpg","contentUrl":"http:\/\/fml.al\/wp-content\/uploads\/2015\/07\/femije-i-ngujuar-2.jpg","width":634,"height":428},{"@type":"BreadcrumbList","@id":"http:\/\/fml.al\/index.php\/2015\/07\/15\/identifikimi-i-familjeve-dhe-personave-te-ngujuar-ne-rrethin-e-shkodres\/#breadcrumb","itemListElement":[{"@type":"ListItem","position":1,"name":"Home","item":"https:\/\/fml.al\/"},{"@type":"ListItem","position":2,"name":"Identifikimi i familjeve dhe personave t\u00eb ngujuar n\u00eb rrethin e Shkodr\u00ebs"}]},{"@type":"WebSite","@id":"https:\/\/fml.al\/#website","url":"https:\/\/fml.al\/","name":"Forumi i Mendimit t\u00eb Lir\u00eb","description":"FML.al","publisher":{"@id":"https:\/\/fml.al\/#organization"},"potentialAction":[{"@type":"SearchAction","target":{"@type":"EntryPoint","urlTemplate":"https:\/\/fml.al\/?s={search_term_string}"},"query-input":{"@type":"PropertyValueSpecification","valueRequired":true,"valueName":"search_term_string"}}],"inLanguage":"en-US"},{"@type":"Organization","@id":"https:\/\/fml.al\/#organization","name":"Forumi i Mendimit t\u00eb Lir\u00eb","url":"https:\/\/fml.al\/","logo":{"@type":"ImageObject","inLanguage":"en-US","@id":"https:\/\/fml.al\/#\/schema\/logo\/image\/","url":"https:\/\/fml.al\/wp-content\/uploads\/2015\/07\/fml_Logo.jpg","contentUrl":"https:\/\/fml.al\/wp-content\/uploads\/2015\/07\/fml_Logo.jpg","width":186,"height":200,"caption":"Forumi i Mendimit t\u00eb Lir\u00eb"},"image":{"@id":"https:\/\/fml.al\/#\/schema\/logo\/image\/"}},{"@type":"Person","@id":"https:\/\/fml.al\/#\/schema\/person\/da778852d71d1a09b8e030100b4ab4d6","name":"FML","image":{"@type":"ImageObject","inLanguage":"en-US","@id":"https:\/\/fml.al\/#\/schema\/person\/image\/","url":"https:\/\/secure.gravatar.com\/avatar\/1e9eac40b6efa4f698724a118e44a742?s=96&d=mm&r=g","contentUrl":"https:\/\/secure.gravatar.com\/avatar\/1e9eac40b6efa4f698724a118e44a742?s=96&d=mm&r=g","caption":"FML"},"url":"http:\/\/fml.al\/index.php\/author\/besmir\/"}]}},"_links":{"self":[{"href":"http:\/\/fml.al\/index.php\/wp-json\/wp\/v2\/posts\/19","targetHints":{"allow":["GET"]}}],"collection":[{"href":"http:\/\/fml.al\/index.php\/wp-json\/wp\/v2\/posts"}],"about":[{"href":"http:\/\/fml.al\/index.php\/wp-json\/wp\/v2\/types\/post"}],"author":[{"embeddable":true,"href":"http:\/\/fml.al\/index.php\/wp-json\/wp\/v2\/users\/1"}],"replies":[{"embeddable":true,"href":"http:\/\/fml.al\/index.php\/wp-json\/wp\/v2\/comments?post=19"}],"version-history":[{"count":1,"href":"http:\/\/fml.al\/index.php\/wp-json\/wp\/v2\/posts\/19\/revisions"}],"predecessor-version":[{"id":23,"href":"http:\/\/fml.al\/index.php\/wp-json\/wp\/v2\/posts\/19\/revisions\/23"}],"wp:featuredmedia":[{"embeddable":true,"href":"http:\/\/fml.al\/index.php\/wp-json\/wp\/v2\/media\/20"}],"wp:attachment":[{"href":"http:\/\/fml.al\/index.php\/wp-json\/wp\/v2\/media?parent=19"}],"wp:term":[{"taxonomy":"category","embeddable":true,"href":"http:\/\/fml.al\/index.php\/wp-json\/wp\/v2\/categories?post=19"},{"taxonomy":"post_tag","embeddable":true,"href":"http:\/\/fml.al\/index.php\/wp-json\/wp\/v2\/tags?post=19"}],"curies":[{"name":"wp","href":"https:\/\/api.w.org\/{rel}","templated":true}]}}