{"id":449,"date":"2017-06-12T07:49:02","date_gmt":"2017-06-12T07:49:02","guid":{"rendered":"http:\/\/fml.al\/?p=449"},"modified":"2017-06-12T07:53:28","modified_gmt":"2017-06-12T07:53:28","slug":"pastrohet-parku-i-zvernecit-apel-per-turizem-pa-mbeturina-dhe-ndeshkim-per-ndotesit","status":"publish","type":"post","link":"http:\/\/fml.al\/index.php\/2017\/06\/12\/pastrohet-parku-i-zvernecit-apel-per-turizem-pa-mbeturina-dhe-ndeshkim-per-ndotesit\/","title":{"rendered":"Pastrohet parku i Zv\u00ebrnecit, apel p\u00ebr turiz\u00ebm pa mbeturina dhe nd\u00ebshkim p\u00ebr ndot\u00ebsit"},"content":{"rendered":"<p>Dhjetra vullnetar\u00eb nga Tirana s\u00eb bashku me administrat\u00ebn q\u00eb menaxhon zon\u00ebn turistike t\u00eb Zv\u00ebrnecit n\u00eb Vlor\u00eb, punuan sot duke mbledhur qindra thas\u00eb me mbeturina.<\/p>\n<p>Korpusi i Vullnetar\u00ebve p\u00ebrmes aksionit t\u00eb sot\u00ebm n\u00eb parkun e pishave n\u00eb Zv\u00ebrnec b\u00ebri thirrje p\u00ebr turiz\u00ebm pa mbeturina.<\/p>\n<p>Ndotja n\u00eb parkun e pishave, ishte s\u00ebrish n\u00eb nivele alarmante, sikurse edhe vitet e shkuara.<\/p>\n<p><iframe loading=\"lazy\" width=\"960\" height=\"540\" src=\"https:\/\/www.youtube.com\/embed\/6It_85WiuWE?feature=oembed\" frameborder=\"0\" allowfullscreen><\/iframe><\/p>\n<p>N\u00eb k\u00ebt\u00eb park jan\u00eb mbeturinat e lokaleve ato q\u00eb prodhoj\u00eb m\u00eb shum\u00eb ndotje. N\u00eb park po ashtu jan\u00eb mbeturinat q\u00eb l\u00ebn\u00eb qytetar\u00ebt.<\/p>\n<p>Korpusi i Vullnetar\u00ebve prej vitesh ngre z\u00ebrin q\u00eb qeveria duhet t\u00eb v\u00ebr\u00eb n\u00eb l\u00ebvizje strukturat ligj-zbatuese e t\u00eb nd\u00ebshkoj\u00eb pronar\u00ebt e restoranteve, t\u00eb nd\u00ebshkoj\u00eb qytetar\u00ebt q\u00eb frekuentojn\u00eb parqet dhe l\u00ebn\u00eb mbeturinat ku t\u00eb munden.<\/p>\n<p><iframe loading=\"lazy\" width=\"960\" height=\"540\" src=\"https:\/\/www.youtube.com\/embed\/rHhidmNVGZo?feature=oembed\" frameborder=\"0\" allowfullscreen><\/iframe><\/p>\n<p>Nga pushteti vendor k\u00ebrkohet t\u00eb vendos\u00eb kosh\u00eb edhe n\u00eb pjes\u00ebn e parkut.<\/p>\n<p>Shokues ishte fakti q\u00eb n\u00eb parkun e pishave u gjet\u00ebn qeset me mbeturina, t\u00eb cilat vullnetar\u00ebt i kishin grumbulluar vitin e shkuar dhe l\u00ebn\u00eb buz\u00eb rrug\u00ebs, ku pretendohej se do t\u00eb kalonte makina e komun\u00ebs p\u00ebr transportimin e tyre.<\/p>\n<p>Aksioni i s\u00eb diel\u00ebs n\u00eb Zv\u00ebrnec ngre s\u00ebrish fuqish\u00ebm z\u00ebrin se Shqip\u00ebria ka nevoj\u00eb v\u00ebrtet t\u00eb pastrohet dhe mbi te gjitha t\u00eb nd\u00ebrgjegj\u00ebsohen njer\u00ebzit q\u00eb t\u00eb jen\u00eb miq\u00ebsor\u00eb me mjedisin.<\/p>\n<p>Korpusi Shqiptar i Vullnetar\u00ebve, l\u00ebvizja m\u00eb e madhe vullnetariste mjedisore n\u00eb vend, p\u00ebr t\u00eb 9-tin vit rradhazi do t\u00eb vijoj\u00eb jav\u00ebt e ardhshme pastrimin e zonave turistike dhe jo vet\u00ebm.<\/p>\n\n\t\t<style type=\"text\/css\">\n\t\t\t#gallery-1 {\n\t\t\t\tmargin: auto;\n\t\t\t}\n\t\t\t#gallery-1 .gallery-item {\n\t\t\t\tfloat: left;\n\t\t\t\tmargin-top: 10px;\n\t\t\t\ttext-align: center;\n\t\t\t\twidth: 100%;\n\t\t\t}\n\t\t\t#gallery-1 img {\n\t\t\t\tborder: 2px solid #cfcfcf;\n\t\t\t}\n\t\t\t#gallery-1 .gallery-caption {\n\t\t\t\tmargin-left: 0;\n\t\t\t}\n\t\t\t\/* see gallery_shortcode() in wp-includes\/media.php *\/\n\t\t<\/style>\n\t\t<div id='gallery-1' class='gallery galleryid-449 gallery-columns-1 gallery-size-full'><dl class='gallery-item'>\n\t\t\t<dt class='gallery-icon landscape'>\n\t\t\t\t<a href='http:\/\/fml.al\/index.php\/2017\/06\/12\/pastrohet-parku-i-zvernecit-apel-per-turizem-pa-mbeturina-dhe-ndeshkim-per-ndotesit\/img_4232\/'><img loading=\"lazy\" decoding=\"async\" width=\"3264\" height=\"2448\" src=\"http:\/\/fml.al\/wp-content\/uploads\/2017\/06\/IMG_4232.jpg\" class=\"attachment-full size-full\" alt=\"\" srcset=\"http:\/\/fml.al\/wp-content\/uploads\/2017\/06\/IMG_4232.jpg 3264w, http:\/\/fml.al\/wp-content\/uploads\/2017\/06\/IMG_4232-300x225.jpg 300w, http:\/\/fml.al\/wp-content\/uploads\/2017\/06\/IMG_4232-1024x768.jpg 1024w\" sizes=\"auto, (max-width: 3264px) 100vw, 3264px\" \/><\/a>\n\t\t\t<\/dt><\/dl><br style=\"clear: both\" \/><dl class='gallery-item'>\n\t\t\t<dt class='gallery-icon landscape'>\n\t\t\t\t<a href='http:\/\/fml.al\/index.php\/2017\/06\/12\/pastrohet-parku-i-zvernecit-apel-per-turizem-pa-mbeturina-dhe-ndeshkim-per-ndotesit\/img_4205\/'><img loading=\"lazy\" decoding=\"async\" width=\"3264\" height=\"2448\" src=\"http:\/\/fml.al\/wp-content\/uploads\/2017\/06\/IMG_4205.jpg\" class=\"attachment-full size-full\" alt=\"\" srcset=\"http:\/\/fml.al\/wp-content\/uploads\/2017\/06\/IMG_4205.jpg 3264w, http:\/\/fml.al\/wp-content\/uploads\/2017\/06\/IMG_4205-300x225.jpg 300w, http:\/\/fml.al\/wp-content\/uploads\/2017\/06\/IMG_4205-1024x768.jpg 1024w\" sizes=\"auto, (max-width: 3264px) 100vw, 3264px\" \/><\/a>\n\t\t\t<\/dt><\/dl><br style=\"clear: both\" \/><dl class='gallery-item'>\n\t\t\t<dt class='gallery-icon landscape'>\n\t\t\t\t<a href='http:\/\/fml.al\/index.php\/2017\/06\/12\/pastrohet-parku-i-zvernecit-apel-per-turizem-pa-mbeturina-dhe-ndeshkim-per-ndotesit\/img_4195\/'><img loading=\"lazy\" decoding=\"async\" width=\"3264\" height=\"2448\" src=\"http:\/\/fml.al\/wp-content\/uploads\/2017\/06\/IMG_4195.jpg\" class=\"attachment-full size-full\" alt=\"\" srcset=\"http:\/\/fml.al\/wp-content\/uploads\/2017\/06\/IMG_4195.jpg 3264w, http:\/\/fml.al\/wp-content\/uploads\/2017\/06\/IMG_4195-300x225.jpg 300w, http:\/\/fml.al\/wp-content\/uploads\/2017\/06\/IMG_4195-1024x768.jpg 1024w\" sizes=\"auto, (max-width: 3264px) 100vw, 3264px\" \/><\/a>\n\t\t\t<\/dt><\/dl><br style=\"clear: both\" \/><dl class='gallery-item'>\n\t\t\t<dt class='gallery-icon landscape'>\n\t\t\t\t<a href='http:\/\/fml.al\/index.php\/2017\/06\/12\/pastrohet-parku-i-zvernecit-apel-per-turizem-pa-mbeturina-dhe-ndeshkim-per-ndotesit\/img_4177\/'><img loading=\"lazy\" decoding=\"async\" width=\"3264\" height=\"2448\" src=\"http:\/\/fml.al\/wp-content\/uploads\/2017\/06\/IMG_4177.jpg\" class=\"attachment-full size-full\" alt=\"\" srcset=\"http:\/\/fml.al\/wp-content\/uploads\/2017\/06\/IMG_4177.jpg 3264w, http:\/\/fml.al\/wp-content\/uploads\/2017\/06\/IMG_4177-300x225.jpg 300w, http:\/\/fml.al\/wp-content\/uploads\/2017\/06\/IMG_4177-1024x768.jpg 1024w\" sizes=\"auto, (max-width: 3264px) 100vw, 3264px\" \/><\/a>\n\t\t\t<\/dt><\/dl><br style=\"clear: both\" \/><dl class='gallery-item'>\n\t\t\t<dt class='gallery-icon landscape'>\n\t\t\t\t<a href='http:\/\/fml.al\/index.php\/2017\/06\/12\/pastrohet-parku-i-zvernecit-apel-per-turizem-pa-mbeturina-dhe-ndeshkim-per-ndotesit\/img_4153\/'><img loading=\"lazy\" decoding=\"async\" width=\"3264\" height=\"2448\" src=\"http:\/\/fml.al\/wp-content\/uploads\/2017\/06\/IMG_4153.jpg\" class=\"attachment-full size-full\" alt=\"\" srcset=\"http:\/\/fml.al\/wp-content\/uploads\/2017\/06\/IMG_4153.jpg 3264w, http:\/\/fml.al\/wp-content\/uploads\/2017\/06\/IMG_4153-300x225.jpg 300w, http:\/\/fml.al\/wp-content\/uploads\/2017\/06\/IMG_4153-1024x768.jpg 1024w\" sizes=\"auto, (max-width: 3264px) 100vw, 3264px\" \/><\/a>\n\t\t\t<\/dt><\/dl><br style=\"clear: both\" \/><dl class='gallery-item'>\n\t\t\t<dt class='gallery-icon landscape'>\n\t\t\t\t<a href='http:\/\/fml.al\/index.php\/2017\/06\/12\/pastrohet-parku-i-zvernecit-apel-per-turizem-pa-mbeturina-dhe-ndeshkim-per-ndotesit\/img_4164\/'><img loading=\"lazy\" decoding=\"async\" width=\"3264\" height=\"2448\" src=\"http:\/\/fml.al\/wp-content\/uploads\/2017\/06\/IMG_4164.jpg\" class=\"attachment-full size-full\" alt=\"\" srcset=\"http:\/\/fml.al\/wp-content\/uploads\/2017\/06\/IMG_4164.jpg 3264w, http:\/\/fml.al\/wp-content\/uploads\/2017\/06\/IMG_4164-300x225.jpg 300w, http:\/\/fml.al\/wp-content\/uploads\/2017\/06\/IMG_4164-1024x768.jpg 1024w\" sizes=\"auto, (max-width: 3264px) 100vw, 3264px\" \/><\/a>\n\t\t\t<\/dt><\/dl><br style=\"clear: both\" \/><dl class='gallery-item'>\n\t\t\t<dt class='gallery-icon landscape'>\n\t\t\t\t<a href='http:\/\/fml.al\/index.php\/2017\/06\/12\/pastrohet-parku-i-zvernecit-apel-per-turizem-pa-mbeturina-dhe-ndeshkim-per-ndotesit\/img_4169\/'><img loading=\"lazy\" decoding=\"async\" width=\"3264\" height=\"2448\" src=\"http:\/\/fml.al\/wp-content\/uploads\/2017\/06\/IMG_4169.jpg\" class=\"attachment-full size-full\" alt=\"\" srcset=\"http:\/\/fml.al\/wp-content\/uploads\/2017\/06\/IMG_4169.jpg 3264w, http:\/\/fml.al\/wp-content\/uploads\/2017\/06\/IMG_4169-300x225.jpg 300w, http:\/\/fml.al\/wp-content\/uploads\/2017\/06\/IMG_4169-1024x768.jpg 1024w\" sizes=\"auto, (max-width: 3264px) 100vw, 3264px\" \/><\/a>\n\t\t\t<\/dt><\/dl><br style=\"clear: both\" \/><dl class='gallery-item'>\n\t\t\t<dt class='gallery-icon landscape'>\n\t\t\t\t<a href='http:\/\/fml.al\/index.php\/2017\/06\/12\/pastrohet-parku-i-zvernecit-apel-per-turizem-pa-mbeturina-dhe-ndeshkim-per-ndotesit\/img_4139\/'><img loading=\"lazy\" decoding=\"async\" width=\"3264\" height=\"2448\" src=\"http:\/\/fml.al\/wp-content\/uploads\/2017\/06\/IMG_4139.jpg\" class=\"attachment-full size-full\" alt=\"\" srcset=\"http:\/\/fml.al\/wp-content\/uploads\/2017\/06\/IMG_4139.jpg 3264w, http:\/\/fml.al\/wp-content\/uploads\/2017\/06\/IMG_4139-300x225.jpg 300w, http:\/\/fml.al\/wp-content\/uploads\/2017\/06\/IMG_4139-1024x768.jpg 1024w\" sizes=\"auto, (max-width: 3264px) 100vw, 3264px\" \/><\/a>\n\t\t\t<\/dt><\/dl><br style=\"clear: both\" \/><dl class='gallery-item'>\n\t\t\t<dt class='gallery-icon landscape'>\n\t\t\t\t<a href='http:\/\/fml.al\/index.php\/2017\/06\/12\/pastrohet-parku-i-zvernecit-apel-per-turizem-pa-mbeturina-dhe-ndeshkim-per-ndotesit\/img_4120\/'><img loading=\"lazy\" decoding=\"async\" width=\"3264\" height=\"2448\" src=\"http:\/\/fml.al\/wp-content\/uploads\/2017\/06\/IMG_4120.jpg\" class=\"attachment-full size-full\" alt=\"\" srcset=\"http:\/\/fml.al\/wp-content\/uploads\/2017\/06\/IMG_4120.jpg 3264w, http:\/\/fml.al\/wp-content\/uploads\/2017\/06\/IMG_4120-300x225.jpg 300w, http:\/\/fml.al\/wp-content\/uploads\/2017\/06\/IMG_4120-1024x768.jpg 1024w\" sizes=\"auto, (max-width: 3264px) 100vw, 3264px\" \/><\/a>\n\t\t\t<\/dt><\/dl><br style=\"clear: both\" \/><dl class='gallery-item'>\n\t\t\t<dt class='gallery-icon landscape'>\n\t\t\t\t<a href='http:\/\/fml.al\/index.php\/2017\/06\/12\/pastrohet-parku-i-zvernecit-apel-per-turizem-pa-mbeturina-dhe-ndeshkim-per-ndotesit\/img_4117\/'><img loading=\"lazy\" decoding=\"async\" width=\"3264\" height=\"2448\" src=\"http:\/\/fml.al\/wp-content\/uploads\/2017\/06\/IMG_4117.jpg\" class=\"attachment-full size-full\" alt=\"\" srcset=\"http:\/\/fml.al\/wp-content\/uploads\/2017\/06\/IMG_4117.jpg 3264w, http:\/\/fml.al\/wp-content\/uploads\/2017\/06\/IMG_4117-300x225.jpg 300w, http:\/\/fml.al\/wp-content\/uploads\/2017\/06\/IMG_4117-1024x768.jpg 1024w\" sizes=\"auto, (max-width: 3264px) 100vw, 3264px\" \/><\/a>\n\t\t\t<\/dt><\/dl><br style=\"clear: both\" \/><dl class='gallery-item'>\n\t\t\t<dt class='gallery-icon landscape'>\n\t\t\t\t<a href='http:\/\/fml.al\/index.php\/2017\/06\/12\/pastrohet-parku-i-zvernecit-apel-per-turizem-pa-mbeturina-dhe-ndeshkim-per-ndotesit\/img_4103\/'><img loading=\"lazy\" decoding=\"async\" width=\"3264\" height=\"2448\" src=\"http:\/\/fml.al\/wp-content\/uploads\/2017\/06\/IMG_4103.jpg\" class=\"attachment-full size-full\" alt=\"\" srcset=\"http:\/\/fml.al\/wp-content\/uploads\/2017\/06\/IMG_4103.jpg 3264w, http:\/\/fml.al\/wp-content\/uploads\/2017\/06\/IMG_4103-300x225.jpg 300w, http:\/\/fml.al\/wp-content\/uploads\/2017\/06\/IMG_4103-1024x768.jpg 1024w\" sizes=\"auto, (max-width: 3264px) 100vw, 3264px\" \/><\/a>\n\t\t\t<\/dt><\/dl><br style=\"clear: both\" \/><dl class='gallery-item'>\n\t\t\t<dt class='gallery-icon landscape'>\n\t\t\t\t<a href='http:\/\/fml.al\/index.php\/2017\/06\/12\/pastrohet-parku-i-zvernecit-apel-per-turizem-pa-mbeturina-dhe-ndeshkim-per-ndotesit\/img_4090\/'><img loading=\"lazy\" decoding=\"async\" width=\"3264\" height=\"2448\" src=\"http:\/\/fml.al\/wp-content\/uploads\/2017\/06\/IMG_4090.jpg\" class=\"attachment-full size-full\" alt=\"\" srcset=\"http:\/\/fml.al\/wp-content\/uploads\/2017\/06\/IMG_4090.jpg 3264w, http:\/\/fml.al\/wp-content\/uploads\/2017\/06\/IMG_4090-300x225.jpg 300w, http:\/\/fml.al\/wp-content\/uploads\/2017\/06\/IMG_4090-1024x768.jpg 1024w\" sizes=\"auto, (max-width: 3264px) 100vw, 3264px\" \/><\/a>\n\t\t\t<\/dt><\/dl><br style=\"clear: both\" \/><dl class='gallery-item'>\n\t\t\t<dt class='gallery-icon landscape'>\n\t\t\t\t<a href='http:\/\/fml.al\/index.php\/2017\/06\/12\/pastrohet-parku-i-zvernecit-apel-per-turizem-pa-mbeturina-dhe-ndeshkim-per-ndotesit\/img_4118\/'><img loading=\"lazy\" decoding=\"async\" width=\"3264\" height=\"2448\" src=\"http:\/\/fml.al\/wp-content\/uploads\/2017\/06\/IMG_4118.jpg\" class=\"attachment-full size-full\" alt=\"\" srcset=\"http:\/\/fml.al\/wp-content\/uploads\/2017\/06\/IMG_4118.jpg 3264w, http:\/\/fml.al\/wp-content\/uploads\/2017\/06\/IMG_4118-300x225.jpg 300w, http:\/\/fml.al\/wp-content\/uploads\/2017\/06\/IMG_4118-1024x768.jpg 1024w\" sizes=\"auto, (max-width: 3264px) 100vw, 3264px\" \/><\/a>\n\t\t\t<\/dt><\/dl><br style=\"clear: both\" \/>\n\t\t<\/div>\n\n<div id=\"fb_share_1\" style=\"float: right; margin-left: 10px;\"><a name=\"fb_share\" type=\"box_count\" share_url=\"http:\/\/fml.al\/index.php\/2017\/06\/12\/pastrohet-parku-i-zvernecit-apel-per-turizem-pa-mbeturina-dhe-ndeshkim-per-ndotesit\/\" href=\"http:\/\/www.facebook.com\/sharer.php\">Share<\/a><\/div><div><script src=\"http:\/\/static.ak.fbcdn.net\/connect.php\/js\/FB.Share\" type=\"text\/javascript\"><\/script><\/div>","protected":false},"excerpt":{"rendered":"<p>Dhjetra vullnetar\u00eb nga Tirana s\u00eb bashku me administrat\u00ebn q\u00eb menaxhon zon\u00ebn turistike t\u00eb Zv\u00ebrnecit n\u00eb Vlor\u00eb, punuan sot duke mbledhur qindra thas\u00eb me mbeturina. Korpusi i Vullnetar\u00ebve p\u00ebrmes aksionit t\u00eb sot\u00ebm n\u00eb parkun e pishave n\u00eb Zv\u00ebrnec b\u00ebri thirrje p\u00ebr turiz\u00ebm pa mbeturina. Ndotja n\u00eb parkun e pishave, ishte s\u00ebrish n\u00eb nivele alarmante, sikurse edhe [&hellip;]<\/p>\n","protected":false},"author":2,"featured_media":527,"comment_status":"open","ping_status":"open","sticky":false,"template":"","format":"standard","meta":{"footnotes":""},"categories":[1],"tags":[],"class_list":["post-449","post","type-post","status-publish","format-standard","has-post-thumbnail","hentry","category-kryesore"],"yoast_head":"<!-- This site is optimized with the Yoast SEO plugin v23.8 - https:\/\/yoast.com\/wordpress\/plugins\/seo\/ -->\n<title>Pastrohet parku i Zv\u00ebrnecit, apel p\u00ebr turiz\u00ebm pa mbeturina dhe nd\u00ebshkim p\u00ebr ndot\u00ebsit - Forumi i Mendimit t\u00eb Lir\u00eb<\/title>\n<meta name=\"robots\" content=\"index, follow, max-snippet:-1, max-image-preview:large, max-video-preview:-1\" \/>\n<link rel=\"canonical\" href=\"http:\/\/fml.al\/index.php\/2017\/06\/12\/pastrohet-parku-i-zvernecit-apel-per-turizem-pa-mbeturina-dhe-ndeshkim-per-ndotesit\/\" \/>\n<meta property=\"og:locale\" content=\"en_US\" \/>\n<meta property=\"og:type\" content=\"article\" \/>\n<meta property=\"og:title\" content=\"Pastrohet parku i Zv\u00ebrnecit, apel p\u00ebr turiz\u00ebm pa mbeturina dhe nd\u00ebshkim p\u00ebr ndot\u00ebsit - Forumi i Mendimit t\u00eb Lir\u00eb\" \/>\n<meta property=\"og:description\" content=\"Dhjetra vullnetar\u00eb nga Tirana s\u00eb bashku me administrat\u00ebn q\u00eb menaxhon zon\u00ebn turistike t\u00eb Zv\u00ebrnecit n\u00eb Vlor\u00eb, punuan sot duke mbledhur qindra thas\u00eb me mbeturina. Korpusi i Vullnetar\u00ebve p\u00ebrmes aksionit t\u00eb sot\u00ebm n\u00eb parkun e pishave n\u00eb Zv\u00ebrnec b\u00ebri thirrje p\u00ebr turiz\u00ebm pa mbeturina. Ndotja n\u00eb parkun e pishave, ishte s\u00ebrish n\u00eb nivele alarmante, sikurse edhe [&hellip;]\" \/>\n<meta property=\"og:url\" content=\"http:\/\/fml.al\/index.php\/2017\/06\/12\/pastrohet-parku-i-zvernecit-apel-per-turizem-pa-mbeturina-dhe-ndeshkim-per-ndotesit\/\" \/>\n<meta property=\"og:site_name\" content=\"Forumi i Mendimit t\u00eb Lir\u00eb\" \/>\n<meta property=\"article:published_time\" content=\"2017-06-12T07:49:02+00:00\" \/>\n<meta property=\"article:modified_time\" content=\"2017-06-12T07:53:28+00:00\" \/>\n<meta property=\"og:image\" content=\"http:\/\/fml.al\/wp-content\/uploads\/2017\/06\/IMG_4206-1024x768.jpg\" \/>\n\t<meta property=\"og:image:width\" content=\"1024\" \/>\n\t<meta property=\"og:image:height\" content=\"768\" \/>\n\t<meta property=\"og:image:type\" content=\"image\/jpeg\" \/>\n<meta name=\"author\" content=\"fml\" \/>\n<meta name=\"twitter:card\" content=\"summary_large_image\" \/>\n<meta name=\"twitter:label1\" content=\"Written by\" \/>\n\t<meta name=\"twitter:data1\" content=\"fml\" \/>\n\t<meta name=\"twitter:label2\" content=\"Est. reading time\" \/>\n\t<meta name=\"twitter:data2\" content=\"1 minute\" \/>\n<script type=\"application\/ld+json\" class=\"yoast-schema-graph\">{\"@context\":\"https:\/\/schema.org\",\"@graph\":[{\"@type\":\"Article\",\"@id\":\"http:\/\/fml.al\/index.php\/2017\/06\/12\/pastrohet-parku-i-zvernecit-apel-per-turizem-pa-mbeturina-dhe-ndeshkim-per-ndotesit\/#article\",\"isPartOf\":{\"@id\":\"http:\/\/fml.al\/index.php\/2017\/06\/12\/pastrohet-parku-i-zvernecit-apel-per-turizem-pa-mbeturina-dhe-ndeshkim-per-ndotesit\/\"},\"author\":{\"name\":\"fml\",\"@id\":\"https:\/\/fml.al\/#\/schema\/person\/a1dd77f6f35c6cdc7974c7312a683446\"},\"headline\":\"Pastrohet parku i Zv\u00ebrnecit, apel p\u00ebr turiz\u00ebm pa mbeturina dhe nd\u00ebshkim p\u00ebr ndot\u00ebsit\",\"datePublished\":\"2017-06-12T07:49:02+00:00\",\"dateModified\":\"2017-06-12T07:53:28+00:00\",\"mainEntityOfPage\":{\"@id\":\"http:\/\/fml.al\/index.php\/2017\/06\/12\/pastrohet-parku-i-zvernecit-apel-per-turizem-pa-mbeturina-dhe-ndeshkim-per-ndotesit\/\"},\"wordCount\":317,\"commentCount\":0,\"publisher\":{\"@id\":\"https:\/\/fml.al\/#organization\"},\"image\":{\"@id\":\"http:\/\/fml.al\/index.php\/2017\/06\/12\/pastrohet-parku-i-zvernecit-apel-per-turizem-pa-mbeturina-dhe-ndeshkim-per-ndotesit\/#primaryimage\"},\"thumbnailUrl\":\"http:\/\/fml.al\/wp-content\/uploads\/2017\/06\/IMG_4206.jpg\",\"articleSection\":[\"Kryesore\"],\"inLanguage\":\"en-US\",\"potentialAction\":[{\"@type\":\"CommentAction\",\"name\":\"Comment\",\"target\":[\"http:\/\/fml.al\/index.php\/2017\/06\/12\/pastrohet-parku-i-zvernecit-apel-per-turizem-pa-mbeturina-dhe-ndeshkim-per-ndotesit\/#respond\"]}]},{\"@type\":\"WebPage\",\"@id\":\"http:\/\/fml.al\/index.php\/2017\/06\/12\/pastrohet-parku-i-zvernecit-apel-per-turizem-pa-mbeturina-dhe-ndeshkim-per-ndotesit\/\",\"url\":\"http:\/\/fml.al\/index.php\/2017\/06\/12\/pastrohet-parku-i-zvernecit-apel-per-turizem-pa-mbeturina-dhe-ndeshkim-per-ndotesit\/\",\"name\":\"Pastrohet parku i Zv\u00ebrnecit, apel p\u00ebr turiz\u00ebm pa mbeturina dhe nd\u00ebshkim p\u00ebr ndot\u00ebsit - Forumi i Mendimit t\u00eb Lir\u00eb\",\"isPartOf\":{\"@id\":\"https:\/\/fml.al\/#website\"},\"primaryImageOfPage\":{\"@id\":\"http:\/\/fml.al\/index.php\/2017\/06\/12\/pastrohet-parku-i-zvernecit-apel-per-turizem-pa-mbeturina-dhe-ndeshkim-per-ndotesit\/#primaryimage\"},\"image\":{\"@id\":\"http:\/\/fml.al\/index.php\/2017\/06\/12\/pastrohet-parku-i-zvernecit-apel-per-turizem-pa-mbeturina-dhe-ndeshkim-per-ndotesit\/#primaryimage\"},\"thumbnailUrl\":\"http:\/\/fml.al\/wp-content\/uploads\/2017\/06\/IMG_4206.jpg\",\"datePublished\":\"2017-06-12T07:49:02+00:00\",\"dateModified\":\"2017-06-12T07:53:28+00:00\",\"breadcrumb\":{\"@id\":\"http:\/\/fml.al\/index.php\/2017\/06\/12\/pastrohet-parku-i-zvernecit-apel-per-turizem-pa-mbeturina-dhe-ndeshkim-per-ndotesit\/#breadcrumb\"},\"inLanguage\":\"en-US\",\"potentialAction\":[{\"@type\":\"ReadAction\",\"target\":[\"http:\/\/fml.al\/index.php\/2017\/06\/12\/pastrohet-parku-i-zvernecit-apel-per-turizem-pa-mbeturina-dhe-ndeshkim-per-ndotesit\/\"]}]},{\"@type\":\"ImageObject\",\"inLanguage\":\"en-US\",\"@id\":\"http:\/\/fml.al\/index.php\/2017\/06\/12\/pastrohet-parku-i-zvernecit-apel-per-turizem-pa-mbeturina-dhe-ndeshkim-per-ndotesit\/#primaryimage\",\"url\":\"http:\/\/fml.al\/wp-content\/uploads\/2017\/06\/IMG_4206.jpg\",\"contentUrl\":\"http:\/\/fml.al\/wp-content\/uploads\/2017\/06\/IMG_4206.jpg\",\"width\":3264,\"height\":2448},{\"@type\":\"BreadcrumbList\",\"@id\":\"http:\/\/fml.al\/index.php\/2017\/06\/12\/pastrohet-parku-i-zvernecit-apel-per-turizem-pa-mbeturina-dhe-ndeshkim-per-ndotesit\/#breadcrumb\",\"itemListElement\":[{\"@type\":\"ListItem\",\"position\":1,\"name\":\"Home\",\"item\":\"https:\/\/fml.al\/\"},{\"@type\":\"ListItem\",\"position\":2,\"name\":\"Pastrohet parku i Zv\u00ebrnecit, apel p\u00ebr turiz\u00ebm pa mbeturina dhe nd\u00ebshkim p\u00ebr ndot\u00ebsit\"}]},{\"@type\":\"WebSite\",\"@id\":\"https:\/\/fml.al\/#website\",\"url\":\"https:\/\/fml.al\/\",\"name\":\"Forumi i Mendimit t\u00eb Lir\u00eb\",\"description\":\"FML.al\",\"publisher\":{\"@id\":\"https:\/\/fml.al\/#organization\"},\"potentialAction\":[{\"@type\":\"SearchAction\",\"target\":{\"@type\":\"EntryPoint\",\"urlTemplate\":\"https:\/\/fml.al\/?s={search_term_string}\"},\"query-input\":{\"@type\":\"PropertyValueSpecification\",\"valueRequired\":true,\"valueName\":\"search_term_string\"}}],\"inLanguage\":\"en-US\"},{\"@type\":\"Organization\",\"@id\":\"https:\/\/fml.al\/#organization\",\"name\":\"Forumi i Mendimit t\u00eb Lir\u00eb\",\"url\":\"https:\/\/fml.al\/\",\"logo\":{\"@type\":\"ImageObject\",\"inLanguage\":\"en-US\",\"@id\":\"https:\/\/fml.al\/#\/schema\/logo\/image\/\",\"url\":\"https:\/\/fml.al\/wp-content\/uploads\/2015\/07\/fml_Logo.jpg\",\"contentUrl\":\"https:\/\/fml.al\/wp-content\/uploads\/2015\/07\/fml_Logo.jpg\",\"width\":186,\"height\":200,\"caption\":\"Forumi i Mendimit t\u00eb Lir\u00eb\"},\"image\":{\"@id\":\"https:\/\/fml.al\/#\/schema\/logo\/image\/\"}},{\"@type\":\"Person\",\"@id\":\"https:\/\/fml.al\/#\/schema\/person\/a1dd77f6f35c6cdc7974c7312a683446\",\"name\":\"fml\",\"image\":{\"@type\":\"ImageObject\",\"inLanguage\":\"en-US\",\"@id\":\"https:\/\/fml.al\/#\/schema\/person\/image\/\",\"url\":\"https:\/\/secure.gravatar.com\/avatar\/3c805328282e8905fb7373032ca0c59a?s=96&d=mm&r=g\",\"contentUrl\":\"https:\/\/secure.gravatar.com\/avatar\/3c805328282e8905fb7373032ca0c59a?s=96&d=mm&r=g\",\"caption\":\"fml\"},\"url\":\"http:\/\/fml.al\/index.php\/author\/fml\/\"}]}<\/script>\n<!-- \/ Yoast SEO plugin. -->","yoast_head_json":{"title":"Pastrohet parku i Zv\u00ebrnecit, apel p\u00ebr turiz\u00ebm pa mbeturina dhe nd\u00ebshkim p\u00ebr ndot\u00ebsit - Forumi i Mendimit t\u00eb Lir\u00eb","robots":{"index":"index","follow":"follow","max-snippet":"max-snippet:-1","max-image-preview":"max-image-preview:large","max-video-preview":"max-video-preview:-1"},"canonical":"http:\/\/fml.al\/index.php\/2017\/06\/12\/pastrohet-parku-i-zvernecit-apel-per-turizem-pa-mbeturina-dhe-ndeshkim-per-ndotesit\/","og_locale":"en_US","og_type":"article","og_title":"Pastrohet parku i Zv\u00ebrnecit, apel p\u00ebr turiz\u00ebm pa mbeturina dhe nd\u00ebshkim p\u00ebr ndot\u00ebsit - Forumi i Mendimit t\u00eb Lir\u00eb","og_description":"Dhjetra vullnetar\u00eb nga Tirana s\u00eb bashku me administrat\u00ebn q\u00eb menaxhon zon\u00ebn turistike t\u00eb Zv\u00ebrnecit n\u00eb Vlor\u00eb, punuan sot duke mbledhur qindra thas\u00eb me mbeturina. Korpusi i Vullnetar\u00ebve p\u00ebrmes aksionit t\u00eb sot\u00ebm n\u00eb parkun e pishave n\u00eb Zv\u00ebrnec b\u00ebri thirrje p\u00ebr turiz\u00ebm pa mbeturina. Ndotja n\u00eb parkun e pishave, ishte s\u00ebrish n\u00eb nivele alarmante, sikurse edhe [&hellip;]","og_url":"http:\/\/fml.al\/index.php\/2017\/06\/12\/pastrohet-parku-i-zvernecit-apel-per-turizem-pa-mbeturina-dhe-ndeshkim-per-ndotesit\/","og_site_name":"Forumi i Mendimit t\u00eb Lir\u00eb","article_published_time":"2017-06-12T07:49:02+00:00","article_modified_time":"2017-06-12T07:53:28+00:00","og_image":[{"width":1024,"height":768,"url":"http:\/\/fml.al\/wp-content\/uploads\/2017\/06\/IMG_4206-1024x768.jpg","type":"image\/jpeg"}],"author":"fml","twitter_card":"summary_large_image","twitter_misc":{"Written by":"fml","Est. reading time":"1 minute"},"schema":{"@context":"https:\/\/schema.org","@graph":[{"@type":"Article","@id":"http:\/\/fml.al\/index.php\/2017\/06\/12\/pastrohet-parku-i-zvernecit-apel-per-turizem-pa-mbeturina-dhe-ndeshkim-per-ndotesit\/#article","isPartOf":{"@id":"http:\/\/fml.al\/index.php\/2017\/06\/12\/pastrohet-parku-i-zvernecit-apel-per-turizem-pa-mbeturina-dhe-ndeshkim-per-ndotesit\/"},"author":{"name":"fml","@id":"https:\/\/fml.al\/#\/schema\/person\/a1dd77f6f35c6cdc7974c7312a683446"},"headline":"Pastrohet parku i Zv\u00ebrnecit, apel p\u00ebr turiz\u00ebm pa mbeturina dhe nd\u00ebshkim p\u00ebr ndot\u00ebsit","datePublished":"2017-06-12T07:49:02+00:00","dateModified":"2017-06-12T07:53:28+00:00","mainEntityOfPage":{"@id":"http:\/\/fml.al\/index.php\/2017\/06\/12\/pastrohet-parku-i-zvernecit-apel-per-turizem-pa-mbeturina-dhe-ndeshkim-per-ndotesit\/"},"wordCount":317,"commentCount":0,"publisher":{"@id":"https:\/\/fml.al\/#organization"},"image":{"@id":"http:\/\/fml.al\/index.php\/2017\/06\/12\/pastrohet-parku-i-zvernecit-apel-per-turizem-pa-mbeturina-dhe-ndeshkim-per-ndotesit\/#primaryimage"},"thumbnailUrl":"http:\/\/fml.al\/wp-content\/uploads\/2017\/06\/IMG_4206.jpg","articleSection":["Kryesore"],"inLanguage":"en-US","potentialAction":[{"@type":"CommentAction","name":"Comment","target":["http:\/\/fml.al\/index.php\/2017\/06\/12\/pastrohet-parku-i-zvernecit-apel-per-turizem-pa-mbeturina-dhe-ndeshkim-per-ndotesit\/#respond"]}]},{"@type":"WebPage","@id":"http:\/\/fml.al\/index.php\/2017\/06\/12\/pastrohet-parku-i-zvernecit-apel-per-turizem-pa-mbeturina-dhe-ndeshkim-per-ndotesit\/","url":"http:\/\/fml.al\/index.php\/2017\/06\/12\/pastrohet-parku-i-zvernecit-apel-per-turizem-pa-mbeturina-dhe-ndeshkim-per-ndotesit\/","name":"Pastrohet parku i Zv\u00ebrnecit, apel p\u00ebr turiz\u00ebm pa mbeturina dhe nd\u00ebshkim p\u00ebr ndot\u00ebsit - Forumi i Mendimit t\u00eb Lir\u00eb","isPartOf":{"@id":"https:\/\/fml.al\/#website"},"primaryImageOfPage":{"@id":"http:\/\/fml.al\/index.php\/2017\/06\/12\/pastrohet-parku-i-zvernecit-apel-per-turizem-pa-mbeturina-dhe-ndeshkim-per-ndotesit\/#primaryimage"},"image":{"@id":"http:\/\/fml.al\/index.php\/2017\/06\/12\/pastrohet-parku-i-zvernecit-apel-per-turizem-pa-mbeturina-dhe-ndeshkim-per-ndotesit\/#primaryimage"},"thumbnailUrl":"http:\/\/fml.al\/wp-content\/uploads\/2017\/06\/IMG_4206.jpg","datePublished":"2017-06-12T07:49:02+00:00","dateModified":"2017-06-12T07:53:28+00:00","breadcrumb":{"@id":"http:\/\/fml.al\/index.php\/2017\/06\/12\/pastrohet-parku-i-zvernecit-apel-per-turizem-pa-mbeturina-dhe-ndeshkim-per-ndotesit\/#breadcrumb"},"inLanguage":"en-US","potentialAction":[{"@type":"ReadAction","target":["http:\/\/fml.al\/index.php\/2017\/06\/12\/pastrohet-parku-i-zvernecit-apel-per-turizem-pa-mbeturina-dhe-ndeshkim-per-ndotesit\/"]}]},{"@type":"ImageObject","inLanguage":"en-US","@id":"http:\/\/fml.al\/index.php\/2017\/06\/12\/pastrohet-parku-i-zvernecit-apel-per-turizem-pa-mbeturina-dhe-ndeshkim-per-ndotesit\/#primaryimage","url":"http:\/\/fml.al\/wp-content\/uploads\/2017\/06\/IMG_4206.jpg","contentUrl":"http:\/\/fml.al\/wp-content\/uploads\/2017\/06\/IMG_4206.jpg","width":3264,"height":2448},{"@type":"BreadcrumbList","@id":"http:\/\/fml.al\/index.php\/2017\/06\/12\/pastrohet-parku-i-zvernecit-apel-per-turizem-pa-mbeturina-dhe-ndeshkim-per-ndotesit\/#breadcrumb","itemListElement":[{"@type":"ListItem","position":1,"name":"Home","item":"https:\/\/fml.al\/"},{"@type":"ListItem","position":2,"name":"Pastrohet parku i Zv\u00ebrnecit, apel p\u00ebr turiz\u00ebm pa mbeturina dhe nd\u00ebshkim p\u00ebr ndot\u00ebsit"}]},{"@type":"WebSite","@id":"https:\/\/fml.al\/#website","url":"https:\/\/fml.al\/","name":"Forumi i Mendimit t\u00eb Lir\u00eb","description":"FML.al","publisher":{"@id":"https:\/\/fml.al\/#organization"},"potentialAction":[{"@type":"SearchAction","target":{"@type":"EntryPoint","urlTemplate":"https:\/\/fml.al\/?s={search_term_string}"},"query-input":{"@type":"PropertyValueSpecification","valueRequired":true,"valueName":"search_term_string"}}],"inLanguage":"en-US"},{"@type":"Organization","@id":"https:\/\/fml.al\/#organization","name":"Forumi i Mendimit t\u00eb Lir\u00eb","url":"https:\/\/fml.al\/","logo":{"@type":"ImageObject","inLanguage":"en-US","@id":"https:\/\/fml.al\/#\/schema\/logo\/image\/","url":"https:\/\/fml.al\/wp-content\/uploads\/2015\/07\/fml_Logo.jpg","contentUrl":"https:\/\/fml.al\/wp-content\/uploads\/2015\/07\/fml_Logo.jpg","width":186,"height":200,"caption":"Forumi i Mendimit t\u00eb Lir\u00eb"},"image":{"@id":"https:\/\/fml.al\/#\/schema\/logo\/image\/"}},{"@type":"Person","@id":"https:\/\/fml.al\/#\/schema\/person\/a1dd77f6f35c6cdc7974c7312a683446","name":"fml","image":{"@type":"ImageObject","inLanguage":"en-US","@id":"https:\/\/fml.al\/#\/schema\/person\/image\/","url":"https:\/\/secure.gravatar.com\/avatar\/3c805328282e8905fb7373032ca0c59a?s=96&d=mm&r=g","contentUrl":"https:\/\/secure.gravatar.com\/avatar\/3c805328282e8905fb7373032ca0c59a?s=96&d=mm&r=g","caption":"fml"},"url":"http:\/\/fml.al\/index.php\/author\/fml\/"}]}},"_links":{"self":[{"href":"http:\/\/fml.al\/index.php\/wp-json\/wp\/v2\/posts\/449","targetHints":{"allow":["GET"]}}],"collection":[{"href":"http:\/\/fml.al\/index.php\/wp-json\/wp\/v2\/posts"}],"about":[{"href":"http:\/\/fml.al\/index.php\/wp-json\/wp\/v2\/types\/post"}],"author":[{"embeddable":true,"href":"http:\/\/fml.al\/index.php\/wp-json\/wp\/v2\/users\/2"}],"replies":[{"embeddable":true,"href":"http:\/\/fml.al\/index.php\/wp-json\/wp\/v2\/comments?post=449"}],"version-history":[{"count":3,"href":"http:\/\/fml.al\/index.php\/wp-json\/wp\/v2\/posts\/449\/revisions"}],"predecessor-version":[{"id":548,"href":"http:\/\/fml.al\/index.php\/wp-json\/wp\/v2\/posts\/449\/revisions\/548"}],"wp:featuredmedia":[{"embeddable":true,"href":"http:\/\/fml.al\/index.php\/wp-json\/wp\/v2\/media\/527"}],"wp:attachment":[{"href":"http:\/\/fml.al\/index.php\/wp-json\/wp\/v2\/media?parent=449"}],"wp:term":[{"taxonomy":"category","embeddable":true,"href":"http:\/\/fml.al\/index.php\/wp-json\/wp\/v2\/categories?post=449"},{"taxonomy":"post_tag","embeddable":true,"href":"http:\/\/fml.al\/index.php\/wp-json\/wp\/v2\/tags?post=449"}],"curies":[{"name":"wp","href":"https:\/\/api.w.org\/{rel}","templated":true}]}}