{"id":584,"date":"2017-06-23T13:48:43","date_gmt":"2017-06-23T13:48:43","guid":{"rendered":"http:\/\/fml.al\/?p=584"},"modified":"2017-06-23T13:48:43","modified_gmt":"2017-06-23T13:48:43","slug":"mjedisi-duhet-te-jete-kryefjala-e-politikes-sepse-eshte-ekonomi-dhe-shendetesi","status":"publish","type":"post","link":"http:\/\/fml.al\/index.php\/2017\/06\/23\/mjedisi-duhet-te-jete-kryefjala-e-politikes-sepse-eshte-ekonomi-dhe-shendetesi\/","title":{"rendered":"Mjedisi duhet t\u00eb jet\u00eb kryefjala e politik\u00ebs, sepse \u00ebsht\u00eb ekonomi dhe sh\u00ebndet\u00ebsi"},"content":{"rendered":"<p>N\u00eb tubimet elektorale njer\u00ebzit degjojn\u00eb premtime, akuza ndaj kund\u00ebrshtarit, batuta, pse jo edhe ndonj\u00eb barcolet\u00eb. Por p\u00ebr mjedisin d\u00ebgjojn\u00eb pak ose aspak. N\u00eb Gramsh natyra ka dhuruar shum\u00eb mrekulli. Njer\u00ebzit jo vet\u00ebm nuk i kan\u00eb shfryt\u00ebzuar p\u00ebr ekonomi, por kan\u00eb shkat\u00ebrruar sa kan\u00eb mundur. Edhe p\u00ebr k\u00ebto nuk flitet. Shqiptar\u00ebt jan\u00eb shum\u00eb pak t\u00eb ndjesh\u00ebm p\u00ebr k\u00ebto c\u00ebshtje, ndaj dhe n\u00eb takimin me kandi<span class=\"text_exposed_show\">dat\u00ebt e PS shum\u00eb prej tyre kan\u00eb ardhur thjesht\u00eb t\u00eb d\u00ebgjojn\u00eb.<\/span><\/p>\n<p><span class=\"text_exposed_show\">Un\u00eb nuk lodhem duke takuar e biseduar me nj\u00ebr\u00ebz. Ka nga ata q\u00eb jan\u00eb t\u00eb vet\u00ebdijsh\u00ebm p\u00ebr cfar\u00eb p\u00ebrfaq\u00ebson mjedisi. Ka nga ata q\u00eb mendojn\u00eb se hedhja e plehrave n\u00eb lum\u00eb \u00ebsht\u00eb nj\u00eb gj\u00eb normale. Takuam shum\u00eb prej tyre. Fol\u00ebm p\u00ebr r\u00ebnd\u00ebsin\u00eb q\u00eb ka liqeni hidrocentralit q\u00eb e ka b\u00ebr\u00eb natyr\u00ebn e Gramshit t\u00eb duket si Zvic\u00ebr. Fol\u00ebm p\u00ebr rrezikun q\u00eb i kanoset atij nga mbeturinat q\u00eb ende hidhen n\u00ebp\u00ebr p\u00ebrrenj duke p\u00ebrfunduar n\u00eb liqen. Fol\u00ebm p\u00ebr shkat\u00ebrrimin e pyjeve dhe rrezikun e erozineve. Fol\u00ebm p\u00ebr parqet dhe mrekullit\u00eb e natyr\u00ebs, uj\u00ebvar\u00ebn e Sotir\u00ebs e t\u00eb tjera, q\u00eb duhen shfryt\u00ebzuar p\u00ebr turiz\u00ebm, por duhen ruajtur duke mos i ndotur e duke mos i shkat\u00ebrruar.<br \/>\n<\/span><\/p>\n<p><span class=\"text_exposed_show\">Ne kemi mbledhur shqet\u00ebsimet e banor\u00ebve p\u00ebr c\u00ebshtjet e mjedisit, dhe ia kemi p\u00ebrcjell\u00eb politik\u00ebs. Por t\u00eb dyja pal\u00ebt, si pushteti, pra politika, ashtu edhe njer\u00ebzit duhet t\u00eb jen\u00eb m\u00eb t\u00eb ndjesh\u00ebm. N\u00ebse nj\u00eb rrug\u00eb mund ta nd\u00ebrtosh p\u00ebr dy vjet n\u00ebse i ke parat\u00eb, nj\u00eb pyll nuk e ngre dot edhe sikur t\u00eb kesh miliarda, pasi natyra k\u00ebrkon koh\u00ebn e saj t\u00eb rigjenerohet.<br \/>\n<\/span><\/p>\n<p><span class=\"text_exposed_show\">Ndaj duhet t\u00eb b\u00ebhet m\u00eb shum\u00eb p\u00ebr ta ruajtur.<br \/>\n<\/span><\/p>\n<p><span class=\"text_exposed_show\">Forumi i Mendimit t\u00eb Lir\u00eb dhe Korpusi i Vullnetar\u00ebve, pjese e rrjetiti te organizatave mjedisore, ECIM, ndoqi takimet elektorale t\u00eb partive n\u00eb Elbasan dhe Gramsh, n\u00eb kuad\u00ebr t\u00eb nj\u00eb projekti t\u00eb REC, me mb\u00ebshtetjen e Ambasad\u00ebs Suedeze dhe konstatoi me kenaq\u00ebsi gatishm\u00ebrin\u00eb e kandidat\u00ebve p\u00ebr t\u00eb p\u00ebrshfir\u00eb n\u00eb programe sygjerimet tona. Por duhet q\u00eb njer\u00ebzit t\u00eb jen\u00eb m\u00eb t\u00eb nd\u00ebrgjegjsh\u00ebm. T\u00eb k\u00ebrkojn\u00eb m\u00eb shum\u00eb nga ata q\u00eb u japin vot\u00ebn.<\/span><\/p>\n\n\t\t<style type=\"text\/css\">\n\t\t\t#gallery-1 {\n\t\t\t\tmargin: auto;\n\t\t\t}\n\t\t\t#gallery-1 .gallery-item {\n\t\t\t\tfloat: left;\n\t\t\t\tmargin-top: 10px;\n\t\t\t\ttext-align: center;\n\t\t\t\twidth: 100%;\n\t\t\t}\n\t\t\t#gallery-1 img {\n\t\t\t\tborder: 2px solid #cfcfcf;\n\t\t\t}\n\t\t\t#gallery-1 .gallery-caption {\n\t\t\t\tmargin-left: 0;\n\t\t\t}\n\t\t\t\/* see gallery_shortcode() in wp-includes\/media.php *\/\n\t\t<\/style>\n\t\t<div id='gallery-1' class='gallery galleryid-584 gallery-columns-1 gallery-size-full'><dl class='gallery-item'>\n\t\t\t<dt class='gallery-icon landscape'>\n\t\t\t\t<a href='http:\/\/fml.al\/index.php\/2017\/06\/23\/mjedisi-duhet-te-jete-kryefjala-e-politikes-sepse-eshte-ekonomi-dhe-shendetesi\/mentori1-4\/'><img loading=\"lazy\" decoding=\"async\" width=\"1233\" height=\"925\" src=\"http:\/\/fml.al\/wp-content\/uploads\/2017\/06\/mentori11.jpg\" class=\"attachment-full size-full\" alt=\"\" srcset=\"http:\/\/fml.al\/wp-content\/uploads\/2017\/06\/mentori11.jpg 1233w, http:\/\/fml.al\/wp-content\/uploads\/2017\/06\/mentori11-300x225.jpg 300w, http:\/\/fml.al\/wp-content\/uploads\/2017\/06\/mentori11-1024x768.jpg 1024w\" sizes=\"auto, (max-width: 1233px) 100vw, 1233px\" \/><\/a>\n\t\t\t<\/dt><\/dl><br style=\"clear: both\" \/><dl class='gallery-item'>\n\t\t\t<dt class='gallery-icon landscape'>\n\t\t\t\t<a href='http:\/\/fml.al\/index.php\/2017\/06\/23\/mjedisi-duhet-te-jete-kryefjala-e-politikes-sepse-eshte-ekonomi-dhe-shendetesi\/mentori2-3\/'><img loading=\"lazy\" decoding=\"async\" width=\"960\" height=\"720\" src=\"http:\/\/fml.al\/wp-content\/uploads\/2017\/06\/mentori21.jpg\" class=\"attachment-full size-full\" alt=\"\" srcset=\"http:\/\/fml.al\/wp-content\/uploads\/2017\/06\/mentori21.jpg 960w, http:\/\/fml.al\/wp-content\/uploads\/2017\/06\/mentori21-300x225.jpg 300w\" sizes=\"auto, (max-width: 960px) 100vw, 960px\" \/><\/a>\n\t\t\t<\/dt><\/dl><br style=\"clear: both\" \/><dl class='gallery-item'>\n\t\t\t<dt class='gallery-icon landscape'>\n\t\t\t\t<a href='http:\/\/fml.al\/index.php\/2017\/06\/23\/mjedisi-duhet-te-jete-kryefjala-e-politikes-sepse-eshte-ekonomi-dhe-shendetesi\/mentori3-3\/'><img loading=\"lazy\" decoding=\"async\" width=\"960\" height=\"720\" src=\"http:\/\/fml.al\/wp-content\/uploads\/2017\/06\/mentori31.jpg\" class=\"attachment-full size-full\" alt=\"\" srcset=\"http:\/\/fml.al\/wp-content\/uploads\/2017\/06\/mentori31.jpg 960w, http:\/\/fml.al\/wp-content\/uploads\/2017\/06\/mentori31-300x225.jpg 300w\" sizes=\"auto, (max-width: 960px) 100vw, 960px\" \/><\/a>\n\t\t\t<\/dt><\/dl><br style=\"clear: both\" \/><dl class='gallery-item'>\n\t\t\t<dt class='gallery-icon landscape'>\n\t\t\t\t<a href='http:\/\/fml.al\/index.php\/2017\/06\/23\/mjedisi-duhet-te-jete-kryefjala-e-politikes-sepse-eshte-ekonomi-dhe-shendetesi\/mentori4-2\/'><img loading=\"lazy\" decoding=\"async\" width=\"960\" height=\"720\" src=\"http:\/\/fml.al\/wp-content\/uploads\/2017\/06\/mentori41.jpg\" class=\"attachment-full size-full\" alt=\"\" srcset=\"http:\/\/fml.al\/wp-content\/uploads\/2017\/06\/mentori41.jpg 960w, http:\/\/fml.al\/wp-content\/uploads\/2017\/06\/mentori41-300x225.jpg 300w\" sizes=\"auto, (max-width: 960px) 100vw, 960px\" \/><\/a>\n\t\t\t<\/dt><\/dl><br style=\"clear: both\" \/><dl class='gallery-item'>\n\t\t\t<dt class='gallery-icon landscape'>\n\t\t\t\t<a href='http:\/\/fml.al\/index.php\/2017\/06\/23\/mjedisi-duhet-te-jete-kryefjala-e-politikes-sepse-eshte-ekonomi-dhe-shendetesi\/mentori5-2\/'><img loading=\"lazy\" decoding=\"async\" width=\"960\" height=\"720\" src=\"http:\/\/fml.al\/wp-content\/uploads\/2017\/06\/mentori51.jpg\" class=\"attachment-full size-full\" alt=\"\" srcset=\"http:\/\/fml.al\/wp-content\/uploads\/2017\/06\/mentori51.jpg 960w, http:\/\/fml.al\/wp-content\/uploads\/2017\/06\/mentori51-300x225.jpg 300w\" sizes=\"auto, (max-width: 960px) 100vw, 960px\" \/><\/a>\n\t\t\t<\/dt><\/dl><br style=\"clear: both\" \/><dl class='gallery-item'>\n\t\t\t<dt class='gallery-icon landscape'>\n\t\t\t\t<a href='http:\/\/fml.al\/index.php\/2017\/06\/23\/mjedisi-duhet-te-jete-kryefjala-e-politikes-sepse-eshte-ekonomi-dhe-shendetesi\/mentori6\/'><img loading=\"lazy\" decoding=\"async\" width=\"960\" height=\"720\" src=\"http:\/\/fml.al\/wp-content\/uploads\/2017\/06\/mentori6.jpg\" class=\"attachment-full size-full\" alt=\"\" srcset=\"http:\/\/fml.al\/wp-content\/uploads\/2017\/06\/mentori6.jpg 960w, http:\/\/fml.al\/wp-content\/uploads\/2017\/06\/mentori6-300x225.jpg 300w\" sizes=\"auto, (max-width: 960px) 100vw, 960px\" \/><\/a>\n\t\t\t<\/dt><\/dl><br style=\"clear: both\" \/><dl class='gallery-item'>\n\t\t\t<dt class='gallery-icon landscape'>\n\t\t\t\t<a href='http:\/\/fml.al\/index.php\/2017\/06\/23\/mjedisi-duhet-te-jete-kryefjala-e-politikes-sepse-eshte-ekonomi-dhe-shendetesi\/mentori7\/'><img loading=\"lazy\" decoding=\"async\" width=\"960\" height=\"720\" src=\"http:\/\/fml.al\/wp-content\/uploads\/2017\/06\/mentori7.jpg\" class=\"attachment-full size-full\" alt=\"\" srcset=\"http:\/\/fml.al\/wp-content\/uploads\/2017\/06\/mentori7.jpg 960w, http:\/\/fml.al\/wp-content\/uploads\/2017\/06\/mentori7-300x225.jpg 300w\" sizes=\"auto, (max-width: 960px) 100vw, 960px\" \/><\/a>\n\t\t\t<\/dt><\/dl><br style=\"clear: both\" \/>\n\t\t<\/div>\n\n<div id=\"fb_share_1\" style=\"float: right; margin-left: 10px;\"><a name=\"fb_share\" type=\"box_count\" share_url=\"http:\/\/fml.al\/index.php\/2017\/06\/23\/mjedisi-duhet-te-jete-kryefjala-e-politikes-sepse-eshte-ekonomi-dhe-shendetesi\/\" href=\"http:\/\/www.facebook.com\/sharer.php\">Share<\/a><\/div><div><script src=\"http:\/\/static.ak.fbcdn.net\/connect.php\/js\/FB.Share\" type=\"text\/javascript\"><\/script><\/div>","protected":false},"excerpt":{"rendered":"<p>N\u00eb tubimet elektorale njer\u00ebzit degjojn\u00eb premtime, akuza ndaj kund\u00ebrshtarit, batuta, pse jo edhe ndonj\u00eb barcolet\u00eb. Por p\u00ebr mjedisin d\u00ebgjojn\u00eb pak ose aspak. N\u00eb Gramsh natyra ka dhuruar shum\u00eb mrekulli. Njer\u00ebzit jo vet\u00ebm nuk i kan\u00eb shfryt\u00ebzuar p\u00ebr ekonomi, por kan\u00eb shkat\u00ebrruar sa kan\u00eb mundur. Edhe p\u00ebr k\u00ebto nuk flitet. Shqiptar\u00ebt jan\u00eb shum\u00eb pak t\u00eb ndjesh\u00ebm [&hellip;]<\/p>\n","protected":false},"author":2,"featured_media":585,"comment_status":"open","ping_status":"open","sticky":false,"template":"","format":"standard","meta":{"footnotes":""},"categories":[1],"tags":[],"class_list":["post-584","post","type-post","status-publish","format-standard","has-post-thumbnail","hentry","category-kryesore"],"yoast_head":"<!-- This site is optimized with the Yoast SEO plugin v23.8 - https:\/\/yoast.com\/wordpress\/plugins\/seo\/ -->\n<title>Mjedisi duhet t\u00eb jet\u00eb kryefjala e politik\u00ebs, sepse \u00ebsht\u00eb ekonomi dhe sh\u00ebndet\u00ebsi - Forumi i Mendimit t\u00eb Lir\u00eb<\/title>\n<meta name=\"robots\" content=\"index, follow, max-snippet:-1, max-image-preview:large, max-video-preview:-1\" \/>\n<link rel=\"canonical\" href=\"https:\/\/fml.al\/index.php\/2017\/06\/23\/mjedisi-duhet-te-jete-kryefjala-e-politikes-sepse-eshte-ekonomi-dhe-shendetesi\/\" \/>\n<meta property=\"og:locale\" content=\"en_US\" \/>\n<meta property=\"og:type\" content=\"article\" \/>\n<meta property=\"og:title\" content=\"Mjedisi duhet t\u00eb jet\u00eb kryefjala e politik\u00ebs, sepse \u00ebsht\u00eb ekonomi dhe sh\u00ebndet\u00ebsi - Forumi i Mendimit t\u00eb Lir\u00eb\" \/>\n<meta property=\"og:description\" content=\"N\u00eb tubimet elektorale njer\u00ebzit degjojn\u00eb premtime, akuza ndaj kund\u00ebrshtarit, batuta, pse jo edhe ndonj\u00eb barcolet\u00eb. Por p\u00ebr mjedisin d\u00ebgjojn\u00eb pak ose aspak. N\u00eb Gramsh natyra ka dhuruar shum\u00eb mrekulli. Njer\u00ebzit jo vet\u00ebm nuk i kan\u00eb shfryt\u00ebzuar p\u00ebr ekonomi, por kan\u00eb shkat\u00ebrruar sa kan\u00eb mundur. Edhe p\u00ebr k\u00ebto nuk flitet. Shqiptar\u00ebt jan\u00eb shum\u00eb pak t\u00eb ndjesh\u00ebm [&hellip;]\" \/>\n<meta property=\"og:url\" content=\"https:\/\/fml.al\/index.php\/2017\/06\/23\/mjedisi-duhet-te-jete-kryefjala-e-politikes-sepse-eshte-ekonomi-dhe-shendetesi\/\" \/>\n<meta property=\"og:site_name\" content=\"Forumi i Mendimit t\u00eb Lir\u00eb\" \/>\n<meta property=\"article:published_time\" content=\"2017-06-23T13:48:43+00:00\" \/>\n<meta property=\"og:image\" content=\"https:\/\/fml.al\/wp-content\/uploads\/2017\/06\/mentori11.jpg\" \/>\n\t<meta property=\"og:image:width\" content=\"1233\" \/>\n\t<meta property=\"og:image:height\" content=\"925\" \/>\n\t<meta property=\"og:image:type\" content=\"image\/jpeg\" \/>\n<meta name=\"author\" content=\"fml\" \/>\n<meta name=\"twitter:card\" content=\"summary_large_image\" \/>\n<meta name=\"twitter:label1\" content=\"Written by\" \/>\n\t<meta name=\"twitter:data1\" content=\"fml\" \/>\n\t<meta name=\"twitter:label2\" content=\"Est. reading time\" \/>\n\t<meta name=\"twitter:data2\" content=\"2 minutes\" \/>\n<script type=\"application\/ld+json\" class=\"yoast-schema-graph\">{\"@context\":\"https:\/\/schema.org\",\"@graph\":[{\"@type\":\"Article\",\"@id\":\"https:\/\/fml.al\/index.php\/2017\/06\/23\/mjedisi-duhet-te-jete-kryefjala-e-politikes-sepse-eshte-ekonomi-dhe-shendetesi\/#article\",\"isPartOf\":{\"@id\":\"https:\/\/fml.al\/index.php\/2017\/06\/23\/mjedisi-duhet-te-jete-kryefjala-e-politikes-sepse-eshte-ekonomi-dhe-shendetesi\/\"},\"author\":{\"name\":\"fml\",\"@id\":\"https:\/\/fml.al\/#\/schema\/person\/a1dd77f6f35c6cdc7974c7312a683446\"},\"headline\":\"Mjedisi duhet t\u00eb jet\u00eb kryefjala e politik\u00ebs, sepse \u00ebsht\u00eb ekonomi dhe sh\u00ebndet\u00ebsi\",\"datePublished\":\"2017-06-23T13:48:43+00:00\",\"dateModified\":\"2017-06-23T13:48:43+00:00\",\"mainEntityOfPage\":{\"@id\":\"https:\/\/fml.al\/index.php\/2017\/06\/23\/mjedisi-duhet-te-jete-kryefjala-e-politikes-sepse-eshte-ekonomi-dhe-shendetesi\/\"},\"wordCount\":433,\"commentCount\":0,\"publisher\":{\"@id\":\"https:\/\/fml.al\/#organization\"},\"image\":{\"@id\":\"https:\/\/fml.al\/index.php\/2017\/06\/23\/mjedisi-duhet-te-jete-kryefjala-e-politikes-sepse-eshte-ekonomi-dhe-shendetesi\/#primaryimage\"},\"thumbnailUrl\":\"http:\/\/fml.al\/wp-content\/uploads\/2017\/06\/mentori11.jpg\",\"articleSection\":[\"Kryesore\"],\"inLanguage\":\"en-US\",\"potentialAction\":[{\"@type\":\"CommentAction\",\"name\":\"Comment\",\"target\":[\"https:\/\/fml.al\/index.php\/2017\/06\/23\/mjedisi-duhet-te-jete-kryefjala-e-politikes-sepse-eshte-ekonomi-dhe-shendetesi\/#respond\"]}]},{\"@type\":\"WebPage\",\"@id\":\"https:\/\/fml.al\/index.php\/2017\/06\/23\/mjedisi-duhet-te-jete-kryefjala-e-politikes-sepse-eshte-ekonomi-dhe-shendetesi\/\",\"url\":\"https:\/\/fml.al\/index.php\/2017\/06\/23\/mjedisi-duhet-te-jete-kryefjala-e-politikes-sepse-eshte-ekonomi-dhe-shendetesi\/\",\"name\":\"Mjedisi duhet t\u00eb jet\u00eb kryefjala e politik\u00ebs, sepse \u00ebsht\u00eb ekonomi dhe sh\u00ebndet\u00ebsi - Forumi i Mendimit t\u00eb Lir\u00eb\",\"isPartOf\":{\"@id\":\"https:\/\/fml.al\/#website\"},\"primaryImageOfPage\":{\"@id\":\"https:\/\/fml.al\/index.php\/2017\/06\/23\/mjedisi-duhet-te-jete-kryefjala-e-politikes-sepse-eshte-ekonomi-dhe-shendetesi\/#primaryimage\"},\"image\":{\"@id\":\"https:\/\/fml.al\/index.php\/2017\/06\/23\/mjedisi-duhet-te-jete-kryefjala-e-politikes-sepse-eshte-ekonomi-dhe-shendetesi\/#primaryimage\"},\"thumbnailUrl\":\"http:\/\/fml.al\/wp-content\/uploads\/2017\/06\/mentori11.jpg\",\"datePublished\":\"2017-06-23T13:48:43+00:00\",\"dateModified\":\"2017-06-23T13:48:43+00:00\",\"breadcrumb\":{\"@id\":\"https:\/\/fml.al\/index.php\/2017\/06\/23\/mjedisi-duhet-te-jete-kryefjala-e-politikes-sepse-eshte-ekonomi-dhe-shendetesi\/#breadcrumb\"},\"inLanguage\":\"en-US\",\"potentialAction\":[{\"@type\":\"ReadAction\",\"target\":[\"https:\/\/fml.al\/index.php\/2017\/06\/23\/mjedisi-duhet-te-jete-kryefjala-e-politikes-sepse-eshte-ekonomi-dhe-shendetesi\/\"]}]},{\"@type\":\"ImageObject\",\"inLanguage\":\"en-US\",\"@id\":\"https:\/\/fml.al\/index.php\/2017\/06\/23\/mjedisi-duhet-te-jete-kryefjala-e-politikes-sepse-eshte-ekonomi-dhe-shendetesi\/#primaryimage\",\"url\":\"http:\/\/fml.al\/wp-content\/uploads\/2017\/06\/mentori11.jpg\",\"contentUrl\":\"http:\/\/fml.al\/wp-content\/uploads\/2017\/06\/mentori11.jpg\",\"width\":1233,\"height\":925},{\"@type\":\"BreadcrumbList\",\"@id\":\"https:\/\/fml.al\/index.php\/2017\/06\/23\/mjedisi-duhet-te-jete-kryefjala-e-politikes-sepse-eshte-ekonomi-dhe-shendetesi\/#breadcrumb\",\"itemListElement\":[{\"@type\":\"ListItem\",\"position\":1,\"name\":\"Home\",\"item\":\"https:\/\/fml.al\/\"},{\"@type\":\"ListItem\",\"position\":2,\"name\":\"Mjedisi duhet t\u00eb jet\u00eb kryefjala e politik\u00ebs, sepse \u00ebsht\u00eb ekonomi dhe sh\u00ebndet\u00ebsi\"}]},{\"@type\":\"WebSite\",\"@id\":\"https:\/\/fml.al\/#website\",\"url\":\"https:\/\/fml.al\/\",\"name\":\"Forumi i Mendimit t\u00eb Lir\u00eb\",\"description\":\"FML.al\",\"publisher\":{\"@id\":\"https:\/\/fml.al\/#organization\"},\"potentialAction\":[{\"@type\":\"SearchAction\",\"target\":{\"@type\":\"EntryPoint\",\"urlTemplate\":\"https:\/\/fml.al\/?s={search_term_string}\"},\"query-input\":{\"@type\":\"PropertyValueSpecification\",\"valueRequired\":true,\"valueName\":\"search_term_string\"}}],\"inLanguage\":\"en-US\"},{\"@type\":\"Organization\",\"@id\":\"https:\/\/fml.al\/#organization\",\"name\":\"Forumi i Mendimit t\u00eb Lir\u00eb\",\"url\":\"https:\/\/fml.al\/\",\"logo\":{\"@type\":\"ImageObject\",\"inLanguage\":\"en-US\",\"@id\":\"https:\/\/fml.al\/#\/schema\/logo\/image\/\",\"url\":\"https:\/\/fml.al\/wp-content\/uploads\/2015\/07\/fml_Logo.jpg\",\"contentUrl\":\"https:\/\/fml.al\/wp-content\/uploads\/2015\/07\/fml_Logo.jpg\",\"width\":186,\"height\":200,\"caption\":\"Forumi i Mendimit t\u00eb Lir\u00eb\"},\"image\":{\"@id\":\"https:\/\/fml.al\/#\/schema\/logo\/image\/\"}},{\"@type\":\"Person\",\"@id\":\"https:\/\/fml.al\/#\/schema\/person\/a1dd77f6f35c6cdc7974c7312a683446\",\"name\":\"fml\",\"image\":{\"@type\":\"ImageObject\",\"inLanguage\":\"en-US\",\"@id\":\"https:\/\/fml.al\/#\/schema\/person\/image\/\",\"url\":\"https:\/\/secure.gravatar.com\/avatar\/3c805328282e8905fb7373032ca0c59a?s=96&d=mm&r=g\",\"contentUrl\":\"https:\/\/secure.gravatar.com\/avatar\/3c805328282e8905fb7373032ca0c59a?s=96&d=mm&r=g\",\"caption\":\"fml\"},\"url\":\"http:\/\/fml.al\/index.php\/author\/fml\/\"}]}<\/script>\n<!-- \/ Yoast SEO plugin. -->","yoast_head_json":{"title":"Mjedisi duhet t\u00eb jet\u00eb kryefjala e politik\u00ebs, sepse \u00ebsht\u00eb ekonomi dhe sh\u00ebndet\u00ebsi - Forumi i Mendimit t\u00eb Lir\u00eb","robots":{"index":"index","follow":"follow","max-snippet":"max-snippet:-1","max-image-preview":"max-image-preview:large","max-video-preview":"max-video-preview:-1"},"canonical":"https:\/\/fml.al\/index.php\/2017\/06\/23\/mjedisi-duhet-te-jete-kryefjala-e-politikes-sepse-eshte-ekonomi-dhe-shendetesi\/","og_locale":"en_US","og_type":"article","og_title":"Mjedisi duhet t\u00eb jet\u00eb kryefjala e politik\u00ebs, sepse \u00ebsht\u00eb ekonomi dhe sh\u00ebndet\u00ebsi - Forumi i Mendimit t\u00eb Lir\u00eb","og_description":"N\u00eb tubimet elektorale njer\u00ebzit degjojn\u00eb premtime, akuza ndaj kund\u00ebrshtarit, batuta, pse jo edhe ndonj\u00eb barcolet\u00eb. Por p\u00ebr mjedisin d\u00ebgjojn\u00eb pak ose aspak. N\u00eb Gramsh natyra ka dhuruar shum\u00eb mrekulli. Njer\u00ebzit jo vet\u00ebm nuk i kan\u00eb shfryt\u00ebzuar p\u00ebr ekonomi, por kan\u00eb shkat\u00ebrruar sa kan\u00eb mundur. Edhe p\u00ebr k\u00ebto nuk flitet. Shqiptar\u00ebt jan\u00eb shum\u00eb pak t\u00eb ndjesh\u00ebm [&hellip;]","og_url":"https:\/\/fml.al\/index.php\/2017\/06\/23\/mjedisi-duhet-te-jete-kryefjala-e-politikes-sepse-eshte-ekonomi-dhe-shendetesi\/","og_site_name":"Forumi i Mendimit t\u00eb Lir\u00eb","article_published_time":"2017-06-23T13:48:43+00:00","og_image":[{"width":1233,"height":925,"url":"https:\/\/fml.al\/wp-content\/uploads\/2017\/06\/mentori11.jpg","type":"image\/jpeg"}],"author":"fml","twitter_card":"summary_large_image","twitter_misc":{"Written by":"fml","Est. reading time":"2 minutes"},"schema":{"@context":"https:\/\/schema.org","@graph":[{"@type":"Article","@id":"https:\/\/fml.al\/index.php\/2017\/06\/23\/mjedisi-duhet-te-jete-kryefjala-e-politikes-sepse-eshte-ekonomi-dhe-shendetesi\/#article","isPartOf":{"@id":"https:\/\/fml.al\/index.php\/2017\/06\/23\/mjedisi-duhet-te-jete-kryefjala-e-politikes-sepse-eshte-ekonomi-dhe-shendetesi\/"},"author":{"name":"fml","@id":"https:\/\/fml.al\/#\/schema\/person\/a1dd77f6f35c6cdc7974c7312a683446"},"headline":"Mjedisi duhet t\u00eb jet\u00eb kryefjala e politik\u00ebs, sepse \u00ebsht\u00eb ekonomi dhe sh\u00ebndet\u00ebsi","datePublished":"2017-06-23T13:48:43+00:00","dateModified":"2017-06-23T13:48:43+00:00","mainEntityOfPage":{"@id":"https:\/\/fml.al\/index.php\/2017\/06\/23\/mjedisi-duhet-te-jete-kryefjala-e-politikes-sepse-eshte-ekonomi-dhe-shendetesi\/"},"wordCount":433,"commentCount":0,"publisher":{"@id":"https:\/\/fml.al\/#organization"},"image":{"@id":"https:\/\/fml.al\/index.php\/2017\/06\/23\/mjedisi-duhet-te-jete-kryefjala-e-politikes-sepse-eshte-ekonomi-dhe-shendetesi\/#primaryimage"},"thumbnailUrl":"http:\/\/fml.al\/wp-content\/uploads\/2017\/06\/mentori11.jpg","articleSection":["Kryesore"],"inLanguage":"en-US","potentialAction":[{"@type":"CommentAction","name":"Comment","target":["https:\/\/fml.al\/index.php\/2017\/06\/23\/mjedisi-duhet-te-jete-kryefjala-e-politikes-sepse-eshte-ekonomi-dhe-shendetesi\/#respond"]}]},{"@type":"WebPage","@id":"https:\/\/fml.al\/index.php\/2017\/06\/23\/mjedisi-duhet-te-jete-kryefjala-e-politikes-sepse-eshte-ekonomi-dhe-shendetesi\/","url":"https:\/\/fml.al\/index.php\/2017\/06\/23\/mjedisi-duhet-te-jete-kryefjala-e-politikes-sepse-eshte-ekonomi-dhe-shendetesi\/","name":"Mjedisi duhet t\u00eb jet\u00eb kryefjala e politik\u00ebs, sepse \u00ebsht\u00eb ekonomi dhe sh\u00ebndet\u00ebsi - Forumi i Mendimit t\u00eb Lir\u00eb","isPartOf":{"@id":"https:\/\/fml.al\/#website"},"primaryImageOfPage":{"@id":"https:\/\/fml.al\/index.php\/2017\/06\/23\/mjedisi-duhet-te-jete-kryefjala-e-politikes-sepse-eshte-ekonomi-dhe-shendetesi\/#primaryimage"},"image":{"@id":"https:\/\/fml.al\/index.php\/2017\/06\/23\/mjedisi-duhet-te-jete-kryefjala-e-politikes-sepse-eshte-ekonomi-dhe-shendetesi\/#primaryimage"},"thumbnailUrl":"http:\/\/fml.al\/wp-content\/uploads\/2017\/06\/mentori11.jpg","datePublished":"2017-06-23T13:48:43+00:00","dateModified":"2017-06-23T13:48:43+00:00","breadcrumb":{"@id":"https:\/\/fml.al\/index.php\/2017\/06\/23\/mjedisi-duhet-te-jete-kryefjala-e-politikes-sepse-eshte-ekonomi-dhe-shendetesi\/#breadcrumb"},"inLanguage":"en-US","potentialAction":[{"@type":"ReadAction","target":["https:\/\/fml.al\/index.php\/2017\/06\/23\/mjedisi-duhet-te-jete-kryefjala-e-politikes-sepse-eshte-ekonomi-dhe-shendetesi\/"]}]},{"@type":"ImageObject","inLanguage":"en-US","@id":"https:\/\/fml.al\/index.php\/2017\/06\/23\/mjedisi-duhet-te-jete-kryefjala-e-politikes-sepse-eshte-ekonomi-dhe-shendetesi\/#primaryimage","url":"http:\/\/fml.al\/wp-content\/uploads\/2017\/06\/mentori11.jpg","contentUrl":"http:\/\/fml.al\/wp-content\/uploads\/2017\/06\/mentori11.jpg","width":1233,"height":925},{"@type":"BreadcrumbList","@id":"https:\/\/fml.al\/index.php\/2017\/06\/23\/mjedisi-duhet-te-jete-kryefjala-e-politikes-sepse-eshte-ekonomi-dhe-shendetesi\/#breadcrumb","itemListElement":[{"@type":"ListItem","position":1,"name":"Home","item":"https:\/\/fml.al\/"},{"@type":"ListItem","position":2,"name":"Mjedisi duhet t\u00eb jet\u00eb kryefjala e politik\u00ebs, sepse \u00ebsht\u00eb ekonomi dhe sh\u00ebndet\u00ebsi"}]},{"@type":"WebSite","@id":"https:\/\/fml.al\/#website","url":"https:\/\/fml.al\/","name":"Forumi i Mendimit t\u00eb Lir\u00eb","description":"FML.al","publisher":{"@id":"https:\/\/fml.al\/#organization"},"potentialAction":[{"@type":"SearchAction","target":{"@type":"EntryPoint","urlTemplate":"https:\/\/fml.al\/?s={search_term_string}"},"query-input":{"@type":"PropertyValueSpecification","valueRequired":true,"valueName":"search_term_string"}}],"inLanguage":"en-US"},{"@type":"Organization","@id":"https:\/\/fml.al\/#organization","name":"Forumi i Mendimit t\u00eb Lir\u00eb","url":"https:\/\/fml.al\/","logo":{"@type":"ImageObject","inLanguage":"en-US","@id":"https:\/\/fml.al\/#\/schema\/logo\/image\/","url":"https:\/\/fml.al\/wp-content\/uploads\/2015\/07\/fml_Logo.jpg","contentUrl":"https:\/\/fml.al\/wp-content\/uploads\/2015\/07\/fml_Logo.jpg","width":186,"height":200,"caption":"Forumi i Mendimit t\u00eb Lir\u00eb"},"image":{"@id":"https:\/\/fml.al\/#\/schema\/logo\/image\/"}},{"@type":"Person","@id":"https:\/\/fml.al\/#\/schema\/person\/a1dd77f6f35c6cdc7974c7312a683446","name":"fml","image":{"@type":"ImageObject","inLanguage":"en-US","@id":"https:\/\/fml.al\/#\/schema\/person\/image\/","url":"https:\/\/secure.gravatar.com\/avatar\/3c805328282e8905fb7373032ca0c59a?s=96&d=mm&r=g","contentUrl":"https:\/\/secure.gravatar.com\/avatar\/3c805328282e8905fb7373032ca0c59a?s=96&d=mm&r=g","caption":"fml"},"url":"http:\/\/fml.al\/index.php\/author\/fml\/"}]}},"_links":{"self":[{"href":"http:\/\/fml.al\/index.php\/wp-json\/wp\/v2\/posts\/584","targetHints":{"allow":["GET"]}}],"collection":[{"href":"http:\/\/fml.al\/index.php\/wp-json\/wp\/v2\/posts"}],"about":[{"href":"http:\/\/fml.al\/index.php\/wp-json\/wp\/v2\/types\/post"}],"author":[{"embeddable":true,"href":"http:\/\/fml.al\/index.php\/wp-json\/wp\/v2\/users\/2"}],"replies":[{"embeddable":true,"href":"http:\/\/fml.al\/index.php\/wp-json\/wp\/v2\/comments?post=584"}],"version-history":[{"count":1,"href":"http:\/\/fml.al\/index.php\/wp-json\/wp\/v2\/posts\/584\/revisions"}],"predecessor-version":[{"id":592,"href":"http:\/\/fml.al\/index.php\/wp-json\/wp\/v2\/posts\/584\/revisions\/592"}],"wp:featuredmedia":[{"embeddable":true,"href":"http:\/\/fml.al\/index.php\/wp-json\/wp\/v2\/media\/585"}],"wp:attachment":[{"href":"http:\/\/fml.al\/index.php\/wp-json\/wp\/v2\/media?parent=584"}],"wp:term":[{"taxonomy":"category","embeddable":true,"href":"http:\/\/fml.al\/index.php\/wp-json\/wp\/v2\/categories?post=584"},{"taxonomy":"post_tag","embeddable":true,"href":"http:\/\/fml.al\/index.php\/wp-json\/wp\/v2\/tags?post=584"}],"curies":[{"name":"wp","href":"https:\/\/api.w.org\/{rel}","templated":true}]}}