{"id":621,"date":"2017-07-17T13:21:27","date_gmt":"2017-07-17T13:21:27","guid":{"rendered":"http:\/\/fml.al\/?p=621"},"modified":"2017-07-17T13:21:27","modified_gmt":"2017-07-17T13:21:27","slug":"sezoni-turistik-ka-nisur-me-plazhe-e-parqe-te-paster-ti-ruajme-keshtu","status":"publish","type":"post","link":"http:\/\/fml.al\/index.php\/2017\/07\/17\/sezoni-turistik-ka-nisur-me-plazhe-e-parqe-te-paster-ti-ruajme-keshtu\/","title":{"rendered":"Sezoni turistik ka nisur me plazhe e parqe t\u00eb past\u00ebr. T&#8217;i ruajm\u00eb k\u00ebshtu"},"content":{"rendered":"<p>Nga Mentor Kikia<\/p>\n<p>K\u00ebt\u00eb vit sezoni turistik ka nisur me nj\u00eb mjedis m\u00eb t\u00eb past\u00ebr. Plazhet dhe parqet jan\u00eb pastruar. Kam shkelur vet\u00eb t\u00eb gjith\u00eb zon\u00ebn e bregdetit dhe mund t\u00eb them pa frik\u00eb se kemi nj\u00eb mjedis m\u00eb t\u00eb past\u00ebr. T\u00eb shtun\u00ebn ishim n\u00eb Llogara. Ishte edhe Ministrja e Turizmit Milva Ekonomi, edhe kryetari i bashkis\u00eb s\u00eb Vlor\u00ebs, Dritan Leli. Pastruam 5 hotspote q\u00eb ishin edhe zonat m\u00eb t\u00eb frekuentuara.<\/p>\n<p>Por, a do t\u00eb mbeten k\u00ebs<span class=\"text_exposed_show\">htu k\u00ebto mjedise? Padyshim q\u00eb jo. Sepse q\u00ebndrova n\u00eb an\u00eb t\u00eb rrug\u00ebs n\u00eb Llogara dhe p\u00ebr gjysm\u00eb ore u hodh\u00ebn pes\u00eb shishe plastike apo kanace nga makinat q\u00eb udh\u00ebtronin. Sepse n\u00eb plazhet publike njer\u00ebzit vazhdojn\u00eb t&#8217;i l\u00ebn\u00eb mbeturinat e ushqimeve q\u00eb konsumojn\u00eb n\u00eb r\u00ebr\u00eb. <\/span><\/p>\n<p><span class=\"text_exposed_show\">Sepse n\u00eb shumic\u00ebn e plazheve, bashkit\u00eb ende nuk kan\u00eb vendosur kosha.<br \/>\n<\/span><\/p>\n<p><span class=\"text_exposed_show\">Por un\u00eb dua t;u drejtohem njer\u00ebzve q\u00eb pushojn\u00eb n\u00eb r\u00ebr\u00eb, n\u00eb shezllon apo n\u00eb cad\u00ebr VIP. Njer\u00ebzve q\u00eb udhtojn\u00eb me k\u00ebmb\u00eb, me autobus, me furgon apo m\u00eb makina q\u00eb kushtojn\u00eb m\u00eb shum\u00eb se nj\u00eb sht\u00ebpi: Mos ndotni. S\u2019ju kushton asgj\u00eb t&#8217;i mbani kanacet apo copat e letr\u00ebs n\u00eb makin\u00eb e t&#8217;i hidhni kur t\u00eb shikoni nj\u00eb kazan mbeturinash. S\u2019ju kushton asgj\u00eb t&#8217;i merrni me vet\u00eb mbeturinat q\u00eb keni b\u00ebr\u00eb pas nj\u00eb pikniku n\u00eb hijen e pem\u00ebve. S\u2019ju kushton asgj\u00eb q\u00eb, pasi t\u00eb coheni nga r\u00ebra ku jeni shtrir\u00eb t\u00ebr\u00eb dit\u00ebn, t&#8217;i merrni mbeturinat q\u00eb keni prodhuar.<br \/>\n<\/span><\/p>\n<p><span class=\"text_exposed_show\">Dua t&#8217;u drejtohen bashkive: T\u00eb menaxhosh plazhet nuk do t\u00eb thot\u00eb t\u00eb marr\u00ebsh vet\u00ebm taksat, por t\u00eb investosh. Dhe t\u00eb vendos\u00ebsh ca kazan\u00eb nuk \u00ebsht\u00eb ndonj\u00eb investim i madh. As t\u00eb nd\u00ebshkosh me gjoba restorantet q\u00eb hedhin mbeturinat n\u00ebp\u00ebr parqe, nuk kushton shum\u00eb.<br \/>\n<\/span><\/p>\n<p><span class=\"text_exposed_show\">Korpusi i Vullnetar\u00ebve, p\u00ebr 6 jav\u00eb punoi n\u00eb plazhet e parqet m\u00eb t\u00eb m\u00ebdha t\u00eb vendit. Tashm\u00eb ne do t&#8217;i monitorojm\u00eb dhe p\u00ebr her\u00eb t\u00eb par\u00eb do t&#8217;i klasifikojm\u00eb, identifikojm\u00eb, plazhet sipas shkall\u00ebs s\u00eb past\u00ebrtis\u00eb. Duke i dalluar me flamuj. Kjo \u00ebsht\u00eb hera e par\u00eb q\u00eb njer\u00ebzit do t\u00eb paralajm\u00ebrohen n\u00ebse po shkojn\u00eb n\u00eb nj\u00eb plazh t\u00eb past\u00ebr apo t\u00eb ndotur. Shpresojm\u00eb q\u00eb k\u00ebshtu t\u00eb hidhen bazat e standardizimit dhe rankimit t\u00eb plazheve, si n\u00eb gjith\u00eb bot\u00ebn.<br \/>\n<\/span><\/p>\n<p><span class=\"text_exposed_show\">Esht\u00eb nj\u00eb pun\u00eb e p\u00ebrbashk\u00ebt dhe me mb\u00ebshtetjen e Ministris\u00eb s\u00eb Turizmit.<\/span><\/p>\n\n\t\t<style type=\"text\/css\">\n\t\t\t#gallery-1 {\n\t\t\t\tmargin: auto;\n\t\t\t}\n\t\t\t#gallery-1 .gallery-item {\n\t\t\t\tfloat: left;\n\t\t\t\tmargin-top: 10px;\n\t\t\t\ttext-align: center;\n\t\t\t\twidth: 100%;\n\t\t\t}\n\t\t\t#gallery-1 img {\n\t\t\t\tborder: 2px solid #cfcfcf;\n\t\t\t}\n\t\t\t#gallery-1 .gallery-caption {\n\t\t\t\tmargin-left: 0;\n\t\t\t}\n\t\t\t\/* see gallery_shortcode() in wp-includes\/media.php *\/\n\t\t<\/style>\n\t\t<div id='gallery-1' class='gallery galleryid-621 gallery-columns-1 gallery-size-full'><dl class='gallery-item'>\n\t\t\t<dt class='gallery-icon landscape'>\n\t\t\t\t<a href='http:\/\/fml.al\/index.php\/2017\/07\/17\/sezoni-turistik-ka-nisur-me-plazhe-e-parqe-te-paster-ti-ruajme-keshtu\/korpusi1\/'><img loading=\"lazy\" decoding=\"async\" width=\"2048\" height=\"1366\" src=\"http:\/\/fml.al\/wp-content\/uploads\/2017\/07\/korpusi1.jpg\" class=\"attachment-full size-full\" alt=\"\" srcset=\"http:\/\/fml.al\/wp-content\/uploads\/2017\/07\/korpusi1.jpg 2048w, http:\/\/fml.al\/wp-content\/uploads\/2017\/07\/korpusi1-300x200.jpg 300w, http:\/\/fml.al\/wp-content\/uploads\/2017\/07\/korpusi1-1024x683.jpg 1024w\" sizes=\"auto, (max-width: 2048px) 100vw, 2048px\" \/><\/a>\n\t\t\t<\/dt><\/dl><br style=\"clear: both\" \/><dl class='gallery-item'>\n\t\t\t<dt class='gallery-icon landscape'>\n\t\t\t\t<a href='http:\/\/fml.al\/index.php\/2017\/07\/17\/sezoni-turistik-ka-nisur-me-plazhe-e-parqe-te-paster-ti-ruajme-keshtu\/korpusi2\/'><img loading=\"lazy\" decoding=\"async\" width=\"2048\" height=\"1366\" src=\"http:\/\/fml.al\/wp-content\/uploads\/2017\/07\/korpusi2.jpg\" class=\"attachment-full size-full\" alt=\"\" srcset=\"http:\/\/fml.al\/wp-content\/uploads\/2017\/07\/korpusi2.jpg 2048w, http:\/\/fml.al\/wp-content\/uploads\/2017\/07\/korpusi2-300x200.jpg 300w, http:\/\/fml.al\/wp-content\/uploads\/2017\/07\/korpusi2-1024x683.jpg 1024w\" sizes=\"auto, (max-width: 2048px) 100vw, 2048px\" \/><\/a>\n\t\t\t<\/dt><\/dl><br style=\"clear: both\" \/><dl class='gallery-item'>\n\t\t\t<dt class='gallery-icon landscape'>\n\t\t\t\t<a href='http:\/\/fml.al\/index.php\/2017\/07\/17\/sezoni-turistik-ka-nisur-me-plazhe-e-parqe-te-paster-ti-ruajme-keshtu\/korpusi3\/'><img loading=\"lazy\" decoding=\"async\" width=\"2048\" height=\"1366\" src=\"http:\/\/fml.al\/wp-content\/uploads\/2017\/07\/korpusi3.jpg\" class=\"attachment-full size-full\" alt=\"\" srcset=\"http:\/\/fml.al\/wp-content\/uploads\/2017\/07\/korpusi3.jpg 2048w, http:\/\/fml.al\/wp-content\/uploads\/2017\/07\/korpusi3-300x200.jpg 300w, http:\/\/fml.al\/wp-content\/uploads\/2017\/07\/korpusi3-1024x683.jpg 1024w\" sizes=\"auto, (max-width: 2048px) 100vw, 2048px\" \/><\/a>\n\t\t\t<\/dt><\/dl><br style=\"clear: both\" \/><dl class='gallery-item'>\n\t\t\t<dt class='gallery-icon landscape'>\n\t\t\t\t<a href='http:\/\/fml.al\/index.php\/2017\/07\/17\/sezoni-turistik-ka-nisur-me-plazhe-e-parqe-te-paster-ti-ruajme-keshtu\/korpusi4\/'><img loading=\"lazy\" decoding=\"async\" width=\"2048\" height=\"1366\" src=\"http:\/\/fml.al\/wp-content\/uploads\/2017\/07\/korpusi4.jpg\" class=\"attachment-full size-full\" alt=\"\" srcset=\"http:\/\/fml.al\/wp-content\/uploads\/2017\/07\/korpusi4.jpg 2048w, http:\/\/fml.al\/wp-content\/uploads\/2017\/07\/korpusi4-300x200.jpg 300w, http:\/\/fml.al\/wp-content\/uploads\/2017\/07\/korpusi4-1024x683.jpg 1024w\" sizes=\"auto, (max-width: 2048px) 100vw, 2048px\" \/><\/a>\n\t\t\t<\/dt><\/dl><br style=\"clear: both\" \/>\n\t\t<\/div>\n\n<div id=\"fb_share_1\" style=\"float: right; margin-left: 10px;\"><a name=\"fb_share\" type=\"box_count\" share_url=\"http:\/\/fml.al\/index.php\/2017\/07\/17\/sezoni-turistik-ka-nisur-me-plazhe-e-parqe-te-paster-ti-ruajme-keshtu\/\" href=\"http:\/\/www.facebook.com\/sharer.php\">Share<\/a><\/div><div><script src=\"http:\/\/static.ak.fbcdn.net\/connect.php\/js\/FB.Share\" type=\"text\/javascript\"><\/script><\/div>","protected":false},"excerpt":{"rendered":"<p>Nga Mentor Kikia K\u00ebt\u00eb vit sezoni turistik ka nisur me nj\u00eb mjedis m\u00eb t\u00eb past\u00ebr. Plazhet dhe parqet jan\u00eb pastruar. Kam shkelur vet\u00eb t\u00eb gjith\u00eb zon\u00ebn e bregdetit dhe mund t\u00eb them pa frik\u00eb se kemi nj\u00eb mjedis m\u00eb t\u00eb past\u00ebr. T\u00eb shtun\u00ebn ishim n\u00eb Llogara. Ishte edhe Ministrja e Turizmit Milva Ekonomi, edhe kryetari [&hellip;]<\/p>\n","protected":false},"author":2,"featured_media":622,"comment_status":"open","ping_status":"open","sticky":false,"template":"","format":"standard","meta":{"footnotes":""},"categories":[1],"tags":[],"class_list":["post-621","post","type-post","status-publish","format-standard","has-post-thumbnail","hentry","category-kryesore"],"yoast_head":"<!-- This site is optimized with the Yoast SEO plugin v23.8 - https:\/\/yoast.com\/wordpress\/plugins\/seo\/ -->\n<title>Sezoni turistik ka nisur me plazhe e parqe t\u00eb past\u00ebr. T&#039;i ruajm\u00eb k\u00ebshtu - Forumi i Mendimit t\u00eb Lir\u00eb<\/title>\n<meta name=\"robots\" content=\"index, follow, max-snippet:-1, max-image-preview:large, max-video-preview:-1\" \/>\n<link rel=\"canonical\" href=\"https:\/\/fml.al\/index.php\/2017\/07\/17\/sezoni-turistik-ka-nisur-me-plazhe-e-parqe-te-paster-ti-ruajme-keshtu\/\" \/>\n<meta property=\"og:locale\" content=\"en_US\" \/>\n<meta property=\"og:type\" content=\"article\" \/>\n<meta property=\"og:title\" content=\"Sezoni turistik ka nisur me plazhe e parqe t\u00eb past\u00ebr. T&#039;i ruajm\u00eb k\u00ebshtu - Forumi i Mendimit t\u00eb Lir\u00eb\" \/>\n<meta property=\"og:description\" content=\"Nga Mentor Kikia K\u00ebt\u00eb vit sezoni turistik ka nisur me nj\u00eb mjedis m\u00eb t\u00eb past\u00ebr. Plazhet dhe parqet jan\u00eb pastruar. Kam shkelur vet\u00eb t\u00eb gjith\u00eb zon\u00ebn e bregdetit dhe mund t\u00eb them pa frik\u00eb se kemi nj\u00eb mjedis m\u00eb t\u00eb past\u00ebr. T\u00eb shtun\u00ebn ishim n\u00eb Llogara. Ishte edhe Ministrja e Turizmit Milva Ekonomi, edhe kryetari [&hellip;]\" \/>\n<meta property=\"og:url\" content=\"https:\/\/fml.al\/index.php\/2017\/07\/17\/sezoni-turistik-ka-nisur-me-plazhe-e-parqe-te-paster-ti-ruajme-keshtu\/\" \/>\n<meta property=\"og:site_name\" content=\"Forumi i Mendimit t\u00eb Lir\u00eb\" \/>\n<meta property=\"article:published_time\" content=\"2017-07-17T13:21:27+00:00\" \/>\n<meta property=\"og:image\" content=\"https:\/\/fml.al\/wp-content\/uploads\/2017\/07\/korpusi1.jpg\" \/>\n\t<meta property=\"og:image:width\" content=\"2048\" \/>\n\t<meta property=\"og:image:height\" content=\"1366\" \/>\n\t<meta property=\"og:image:type\" content=\"image\/jpeg\" \/>\n<meta name=\"author\" content=\"fml\" \/>\n<meta name=\"twitter:card\" content=\"summary_large_image\" \/>\n<meta name=\"twitter:label1\" content=\"Written by\" \/>\n\t<meta name=\"twitter:data1\" content=\"fml\" \/>\n\t<meta name=\"twitter:label2\" content=\"Est. reading time\" \/>\n\t<meta name=\"twitter:data2\" content=\"2 minutes\" \/>\n<script type=\"application\/ld+json\" class=\"yoast-schema-graph\">{\"@context\":\"https:\/\/schema.org\",\"@graph\":[{\"@type\":\"Article\",\"@id\":\"https:\/\/fml.al\/index.php\/2017\/07\/17\/sezoni-turistik-ka-nisur-me-plazhe-e-parqe-te-paster-ti-ruajme-keshtu\/#article\",\"isPartOf\":{\"@id\":\"https:\/\/fml.al\/index.php\/2017\/07\/17\/sezoni-turistik-ka-nisur-me-plazhe-e-parqe-te-paster-ti-ruajme-keshtu\/\"},\"author\":{\"name\":\"fml\",\"@id\":\"https:\/\/fml.al\/#\/schema\/person\/a1dd77f6f35c6cdc7974c7312a683446\"},\"headline\":\"Sezoni turistik ka nisur me plazhe e parqe t\u00eb past\u00ebr. T&#8217;i ruajm\u00eb k\u00ebshtu\",\"datePublished\":\"2017-07-17T13:21:27+00:00\",\"dateModified\":\"2017-07-17T13:21:27+00:00\",\"mainEntityOfPage\":{\"@id\":\"https:\/\/fml.al\/index.php\/2017\/07\/17\/sezoni-turistik-ka-nisur-me-plazhe-e-parqe-te-paster-ti-ruajme-keshtu\/\"},\"wordCount\":431,\"commentCount\":0,\"publisher\":{\"@id\":\"https:\/\/fml.al\/#organization\"},\"image\":{\"@id\":\"https:\/\/fml.al\/index.php\/2017\/07\/17\/sezoni-turistik-ka-nisur-me-plazhe-e-parqe-te-paster-ti-ruajme-keshtu\/#primaryimage\"},\"thumbnailUrl\":\"http:\/\/fml.al\/wp-content\/uploads\/2017\/07\/korpusi1.jpg\",\"articleSection\":[\"Kryesore\"],\"inLanguage\":\"en-US\",\"potentialAction\":[{\"@type\":\"CommentAction\",\"name\":\"Comment\",\"target\":[\"https:\/\/fml.al\/index.php\/2017\/07\/17\/sezoni-turistik-ka-nisur-me-plazhe-e-parqe-te-paster-ti-ruajme-keshtu\/#respond\"]}]},{\"@type\":\"WebPage\",\"@id\":\"https:\/\/fml.al\/index.php\/2017\/07\/17\/sezoni-turistik-ka-nisur-me-plazhe-e-parqe-te-paster-ti-ruajme-keshtu\/\",\"url\":\"https:\/\/fml.al\/index.php\/2017\/07\/17\/sezoni-turistik-ka-nisur-me-plazhe-e-parqe-te-paster-ti-ruajme-keshtu\/\",\"name\":\"Sezoni turistik ka nisur me plazhe e parqe t\u00eb past\u00ebr. T'i ruajm\u00eb k\u00ebshtu - Forumi i Mendimit t\u00eb Lir\u00eb\",\"isPartOf\":{\"@id\":\"https:\/\/fml.al\/#website\"},\"primaryImageOfPage\":{\"@id\":\"https:\/\/fml.al\/index.php\/2017\/07\/17\/sezoni-turistik-ka-nisur-me-plazhe-e-parqe-te-paster-ti-ruajme-keshtu\/#primaryimage\"},\"image\":{\"@id\":\"https:\/\/fml.al\/index.php\/2017\/07\/17\/sezoni-turistik-ka-nisur-me-plazhe-e-parqe-te-paster-ti-ruajme-keshtu\/#primaryimage\"},\"thumbnailUrl\":\"http:\/\/fml.al\/wp-content\/uploads\/2017\/07\/korpusi1.jpg\",\"datePublished\":\"2017-07-17T13:21:27+00:00\",\"dateModified\":\"2017-07-17T13:21:27+00:00\",\"breadcrumb\":{\"@id\":\"https:\/\/fml.al\/index.php\/2017\/07\/17\/sezoni-turistik-ka-nisur-me-plazhe-e-parqe-te-paster-ti-ruajme-keshtu\/#breadcrumb\"},\"inLanguage\":\"en-US\",\"potentialAction\":[{\"@type\":\"ReadAction\",\"target\":[\"https:\/\/fml.al\/index.php\/2017\/07\/17\/sezoni-turistik-ka-nisur-me-plazhe-e-parqe-te-paster-ti-ruajme-keshtu\/\"]}]},{\"@type\":\"ImageObject\",\"inLanguage\":\"en-US\",\"@id\":\"https:\/\/fml.al\/index.php\/2017\/07\/17\/sezoni-turistik-ka-nisur-me-plazhe-e-parqe-te-paster-ti-ruajme-keshtu\/#primaryimage\",\"url\":\"http:\/\/fml.al\/wp-content\/uploads\/2017\/07\/korpusi1.jpg\",\"contentUrl\":\"http:\/\/fml.al\/wp-content\/uploads\/2017\/07\/korpusi1.jpg\",\"width\":2048,\"height\":1366},{\"@type\":\"BreadcrumbList\",\"@id\":\"https:\/\/fml.al\/index.php\/2017\/07\/17\/sezoni-turistik-ka-nisur-me-plazhe-e-parqe-te-paster-ti-ruajme-keshtu\/#breadcrumb\",\"itemListElement\":[{\"@type\":\"ListItem\",\"position\":1,\"name\":\"Home\",\"item\":\"https:\/\/fml.al\/\"},{\"@type\":\"ListItem\",\"position\":2,\"name\":\"Sezoni turistik ka nisur me plazhe e parqe t\u00eb past\u00ebr. T&#8217;i ruajm\u00eb k\u00ebshtu\"}]},{\"@type\":\"WebSite\",\"@id\":\"https:\/\/fml.al\/#website\",\"url\":\"https:\/\/fml.al\/\",\"name\":\"Forumi i Mendimit t\u00eb Lir\u00eb\",\"description\":\"FML.al\",\"publisher\":{\"@id\":\"https:\/\/fml.al\/#organization\"},\"potentialAction\":[{\"@type\":\"SearchAction\",\"target\":{\"@type\":\"EntryPoint\",\"urlTemplate\":\"https:\/\/fml.al\/?s={search_term_string}\"},\"query-input\":{\"@type\":\"PropertyValueSpecification\",\"valueRequired\":true,\"valueName\":\"search_term_string\"}}],\"inLanguage\":\"en-US\"},{\"@type\":\"Organization\",\"@id\":\"https:\/\/fml.al\/#organization\",\"name\":\"Forumi i Mendimit t\u00eb Lir\u00eb\",\"url\":\"https:\/\/fml.al\/\",\"logo\":{\"@type\":\"ImageObject\",\"inLanguage\":\"en-US\",\"@id\":\"https:\/\/fml.al\/#\/schema\/logo\/image\/\",\"url\":\"https:\/\/fml.al\/wp-content\/uploads\/2015\/07\/fml_Logo.jpg\",\"contentUrl\":\"https:\/\/fml.al\/wp-content\/uploads\/2015\/07\/fml_Logo.jpg\",\"width\":186,\"height\":200,\"caption\":\"Forumi i Mendimit t\u00eb Lir\u00eb\"},\"image\":{\"@id\":\"https:\/\/fml.al\/#\/schema\/logo\/image\/\"}},{\"@type\":\"Person\",\"@id\":\"https:\/\/fml.al\/#\/schema\/person\/a1dd77f6f35c6cdc7974c7312a683446\",\"name\":\"fml\",\"image\":{\"@type\":\"ImageObject\",\"inLanguage\":\"en-US\",\"@id\":\"https:\/\/fml.al\/#\/schema\/person\/image\/\",\"url\":\"https:\/\/secure.gravatar.com\/avatar\/3c805328282e8905fb7373032ca0c59a?s=96&d=mm&r=g\",\"contentUrl\":\"https:\/\/secure.gravatar.com\/avatar\/3c805328282e8905fb7373032ca0c59a?s=96&d=mm&r=g\",\"caption\":\"fml\"},\"url\":\"http:\/\/fml.al\/index.php\/author\/fml\/\"}]}<\/script>\n<!-- \/ Yoast SEO plugin. -->","yoast_head_json":{"title":"Sezoni turistik ka nisur me plazhe e parqe t\u00eb past\u00ebr. T'i ruajm\u00eb k\u00ebshtu - Forumi i Mendimit t\u00eb Lir\u00eb","robots":{"index":"index","follow":"follow","max-snippet":"max-snippet:-1","max-image-preview":"max-image-preview:large","max-video-preview":"max-video-preview:-1"},"canonical":"https:\/\/fml.al\/index.php\/2017\/07\/17\/sezoni-turistik-ka-nisur-me-plazhe-e-parqe-te-paster-ti-ruajme-keshtu\/","og_locale":"en_US","og_type":"article","og_title":"Sezoni turistik ka nisur me plazhe e parqe t\u00eb past\u00ebr. T'i ruajm\u00eb k\u00ebshtu - Forumi i Mendimit t\u00eb Lir\u00eb","og_description":"Nga Mentor Kikia K\u00ebt\u00eb vit sezoni turistik ka nisur me nj\u00eb mjedis m\u00eb t\u00eb past\u00ebr. Plazhet dhe parqet jan\u00eb pastruar. Kam shkelur vet\u00eb t\u00eb gjith\u00eb zon\u00ebn e bregdetit dhe mund t\u00eb them pa frik\u00eb se kemi nj\u00eb mjedis m\u00eb t\u00eb past\u00ebr. T\u00eb shtun\u00ebn ishim n\u00eb Llogara. Ishte edhe Ministrja e Turizmit Milva Ekonomi, edhe kryetari [&hellip;]","og_url":"https:\/\/fml.al\/index.php\/2017\/07\/17\/sezoni-turistik-ka-nisur-me-plazhe-e-parqe-te-paster-ti-ruajme-keshtu\/","og_site_name":"Forumi i Mendimit t\u00eb Lir\u00eb","article_published_time":"2017-07-17T13:21:27+00:00","og_image":[{"width":2048,"height":1366,"url":"https:\/\/fml.al\/wp-content\/uploads\/2017\/07\/korpusi1.jpg","type":"image\/jpeg"}],"author":"fml","twitter_card":"summary_large_image","twitter_misc":{"Written by":"fml","Est. reading time":"2 minutes"},"schema":{"@context":"https:\/\/schema.org","@graph":[{"@type":"Article","@id":"https:\/\/fml.al\/index.php\/2017\/07\/17\/sezoni-turistik-ka-nisur-me-plazhe-e-parqe-te-paster-ti-ruajme-keshtu\/#article","isPartOf":{"@id":"https:\/\/fml.al\/index.php\/2017\/07\/17\/sezoni-turistik-ka-nisur-me-plazhe-e-parqe-te-paster-ti-ruajme-keshtu\/"},"author":{"name":"fml","@id":"https:\/\/fml.al\/#\/schema\/person\/a1dd77f6f35c6cdc7974c7312a683446"},"headline":"Sezoni turistik ka nisur me plazhe e parqe t\u00eb past\u00ebr. T&#8217;i ruajm\u00eb k\u00ebshtu","datePublished":"2017-07-17T13:21:27+00:00","dateModified":"2017-07-17T13:21:27+00:00","mainEntityOfPage":{"@id":"https:\/\/fml.al\/index.php\/2017\/07\/17\/sezoni-turistik-ka-nisur-me-plazhe-e-parqe-te-paster-ti-ruajme-keshtu\/"},"wordCount":431,"commentCount":0,"publisher":{"@id":"https:\/\/fml.al\/#organization"},"image":{"@id":"https:\/\/fml.al\/index.php\/2017\/07\/17\/sezoni-turistik-ka-nisur-me-plazhe-e-parqe-te-paster-ti-ruajme-keshtu\/#primaryimage"},"thumbnailUrl":"http:\/\/fml.al\/wp-content\/uploads\/2017\/07\/korpusi1.jpg","articleSection":["Kryesore"],"inLanguage":"en-US","potentialAction":[{"@type":"CommentAction","name":"Comment","target":["https:\/\/fml.al\/index.php\/2017\/07\/17\/sezoni-turistik-ka-nisur-me-plazhe-e-parqe-te-paster-ti-ruajme-keshtu\/#respond"]}]},{"@type":"WebPage","@id":"https:\/\/fml.al\/index.php\/2017\/07\/17\/sezoni-turistik-ka-nisur-me-plazhe-e-parqe-te-paster-ti-ruajme-keshtu\/","url":"https:\/\/fml.al\/index.php\/2017\/07\/17\/sezoni-turistik-ka-nisur-me-plazhe-e-parqe-te-paster-ti-ruajme-keshtu\/","name":"Sezoni turistik ka nisur me plazhe e parqe t\u00eb past\u00ebr. T'i ruajm\u00eb k\u00ebshtu - Forumi i Mendimit t\u00eb Lir\u00eb","isPartOf":{"@id":"https:\/\/fml.al\/#website"},"primaryImageOfPage":{"@id":"https:\/\/fml.al\/index.php\/2017\/07\/17\/sezoni-turistik-ka-nisur-me-plazhe-e-parqe-te-paster-ti-ruajme-keshtu\/#primaryimage"},"image":{"@id":"https:\/\/fml.al\/index.php\/2017\/07\/17\/sezoni-turistik-ka-nisur-me-plazhe-e-parqe-te-paster-ti-ruajme-keshtu\/#primaryimage"},"thumbnailUrl":"http:\/\/fml.al\/wp-content\/uploads\/2017\/07\/korpusi1.jpg","datePublished":"2017-07-17T13:21:27+00:00","dateModified":"2017-07-17T13:21:27+00:00","breadcrumb":{"@id":"https:\/\/fml.al\/index.php\/2017\/07\/17\/sezoni-turistik-ka-nisur-me-plazhe-e-parqe-te-paster-ti-ruajme-keshtu\/#breadcrumb"},"inLanguage":"en-US","potentialAction":[{"@type":"ReadAction","target":["https:\/\/fml.al\/index.php\/2017\/07\/17\/sezoni-turistik-ka-nisur-me-plazhe-e-parqe-te-paster-ti-ruajme-keshtu\/"]}]},{"@type":"ImageObject","inLanguage":"en-US","@id":"https:\/\/fml.al\/index.php\/2017\/07\/17\/sezoni-turistik-ka-nisur-me-plazhe-e-parqe-te-paster-ti-ruajme-keshtu\/#primaryimage","url":"http:\/\/fml.al\/wp-content\/uploads\/2017\/07\/korpusi1.jpg","contentUrl":"http:\/\/fml.al\/wp-content\/uploads\/2017\/07\/korpusi1.jpg","width":2048,"height":1366},{"@type":"BreadcrumbList","@id":"https:\/\/fml.al\/index.php\/2017\/07\/17\/sezoni-turistik-ka-nisur-me-plazhe-e-parqe-te-paster-ti-ruajme-keshtu\/#breadcrumb","itemListElement":[{"@type":"ListItem","position":1,"name":"Home","item":"https:\/\/fml.al\/"},{"@type":"ListItem","position":2,"name":"Sezoni turistik ka nisur me plazhe e parqe t\u00eb past\u00ebr. T&#8217;i ruajm\u00eb k\u00ebshtu"}]},{"@type":"WebSite","@id":"https:\/\/fml.al\/#website","url":"https:\/\/fml.al\/","name":"Forumi i Mendimit t\u00eb Lir\u00eb","description":"FML.al","publisher":{"@id":"https:\/\/fml.al\/#organization"},"potentialAction":[{"@type":"SearchAction","target":{"@type":"EntryPoint","urlTemplate":"https:\/\/fml.al\/?s={search_term_string}"},"query-input":{"@type":"PropertyValueSpecification","valueRequired":true,"valueName":"search_term_string"}}],"inLanguage":"en-US"},{"@type":"Organization","@id":"https:\/\/fml.al\/#organization","name":"Forumi i Mendimit t\u00eb Lir\u00eb","url":"https:\/\/fml.al\/","logo":{"@type":"ImageObject","inLanguage":"en-US","@id":"https:\/\/fml.al\/#\/schema\/logo\/image\/","url":"https:\/\/fml.al\/wp-content\/uploads\/2015\/07\/fml_Logo.jpg","contentUrl":"https:\/\/fml.al\/wp-content\/uploads\/2015\/07\/fml_Logo.jpg","width":186,"height":200,"caption":"Forumi i Mendimit t\u00eb Lir\u00eb"},"image":{"@id":"https:\/\/fml.al\/#\/schema\/logo\/image\/"}},{"@type":"Person","@id":"https:\/\/fml.al\/#\/schema\/person\/a1dd77f6f35c6cdc7974c7312a683446","name":"fml","image":{"@type":"ImageObject","inLanguage":"en-US","@id":"https:\/\/fml.al\/#\/schema\/person\/image\/","url":"https:\/\/secure.gravatar.com\/avatar\/3c805328282e8905fb7373032ca0c59a?s=96&d=mm&r=g","contentUrl":"https:\/\/secure.gravatar.com\/avatar\/3c805328282e8905fb7373032ca0c59a?s=96&d=mm&r=g","caption":"fml"},"url":"http:\/\/fml.al\/index.php\/author\/fml\/"}]}},"_links":{"self":[{"href":"http:\/\/fml.al\/index.php\/wp-json\/wp\/v2\/posts\/621","targetHints":{"allow":["GET"]}}],"collection":[{"href":"http:\/\/fml.al\/index.php\/wp-json\/wp\/v2\/posts"}],"about":[{"href":"http:\/\/fml.al\/index.php\/wp-json\/wp\/v2\/types\/post"}],"author":[{"embeddable":true,"href":"http:\/\/fml.al\/index.php\/wp-json\/wp\/v2\/users\/2"}],"replies":[{"embeddable":true,"href":"http:\/\/fml.al\/index.php\/wp-json\/wp\/v2\/comments?post=621"}],"version-history":[{"count":1,"href":"http:\/\/fml.al\/index.php\/wp-json\/wp\/v2\/posts\/621\/revisions"}],"predecessor-version":[{"id":626,"href":"http:\/\/fml.al\/index.php\/wp-json\/wp\/v2\/posts\/621\/revisions\/626"}],"wp:featuredmedia":[{"embeddable":true,"href":"http:\/\/fml.al\/index.php\/wp-json\/wp\/v2\/media\/622"}],"wp:attachment":[{"href":"http:\/\/fml.al\/index.php\/wp-json\/wp\/v2\/media?parent=621"}],"wp:term":[{"taxonomy":"category","embeddable":true,"href":"http:\/\/fml.al\/index.php\/wp-json\/wp\/v2\/categories?post=621"},{"taxonomy":"post_tag","embeddable":true,"href":"http:\/\/fml.al\/index.php\/wp-json\/wp\/v2\/tags?post=621"}],"curies":[{"name":"wp","href":"https:\/\/api.w.org\/{rel}","templated":true}]}}