{"id":690,"date":"2018-05-21T10:39:07","date_gmt":"2018-05-21T10:39:07","guid":{"rendered":"http:\/\/fml.al\/?p=690"},"modified":"2018-05-21T10:39:07","modified_gmt":"2018-05-21T10:39:07","slug":"plazhi-dhe-parku-i-zvernecit-u-pastruan-korpusi-i-vullnetareve-qytetare-mjaft-ndotet","status":"publish","type":"post","link":"http:\/\/fml.al\/index.php\/2018\/05\/21\/plazhi-dhe-parku-i-zvernecit-u-pastruan-korpusi-i-vullnetareve-qytetare-mjaft-ndotet\/","title":{"rendered":"Plazhi dhe parku i Zv\u00ebrnecit u pastruan, Korpusi i Vullnetar\u00ebve: Qytetar\u00eb mjaft ndot\u00ebt!"},"content":{"rendered":"<p>P\u00ebr t\u00eb 10-in vit rradhazi plazhi dhe parku i pishave n\u00eb Zv\u00ebrnec, nj\u00eb prej plazheve m\u00eb t\u00eb m\u00ebdhenj n\u00eb vend, u pastruan nga aktivist\u00eb t\u00eb Korpusit t\u00eb Vullnetar\u00ebve, l\u00ebvizja m\u00eb e madhe mjedisore n\u00eb vend.<\/p>\n<p><img loading=\"lazy\" decoding=\"async\" class=\"alignnone size-full wp-image-1942\" src=\"http:\/\/unemonitoroj.com\/vlore\/wp-content\/uploads\/2018\/05\/zvernec.jpg\" sizes=\"auto, (max-width: 960px) 100vw, 960px\" srcset=\"http:\/\/unemonitoroj.com\/vlore\/wp-content\/uploads\/2018\/05\/zvernec.jpg 960w, http:\/\/unemonitoroj.com\/vlore\/wp-content\/uploads\/2018\/05\/zvernec-300x225.jpg 300w, http:\/\/unemonitoroj.com\/vlore\/wp-content\/uploads\/2018\/05\/zvernec-768x576.jpg 768w\" alt=\"zvernec\" width=\"960\" height=\"720\" \/><\/p>\n<p>Dit\u00ebn e diel\u00eb, mbi 140 vullnetar\u00eb u rikthyen n\u00eb Zv\u00ebrnec n\u00eb nj\u00eb p\u00ebrpjekje \u201cp\u00ebr t\u00eb sensibilizuar p\u00ebrmes pun\u00ebs\u201d p\u00ebr t\u00eb mos ndotur mjediset tona t\u00eb p\u00ebrbashk\u00ebta.<\/p>\n<p>Fatkeq\u00ebsisht edhe k\u00ebt\u00eb vit mbeturinat kishin pushtuar ve\u00e7an\u00ebrisht parkun e pishave.<\/p>\n<p><strong>PER FOTO KLIKO:<\/strong>\u00a0<a href=\"https:\/\/www.facebook.com\/korpusiivullnetareve\/photos\/pcb.2016520581722640\/2016519118389453\/?type=3&amp;theater\">KETU<\/a><\/p>\n<p>N\u00eb k\u00ebt\u00eb zon\u00eb turistike bizneset vijojn\u00eb q\u00eb t\u00eb hedhin mbetjet n\u00eb parkun e pishave, po ashtu edhe qytetar\u00ebt e pap\u00ebrgjegjsh\u00ebm l\u00ebn\u00eb aty mbeturinat e prodhuara prej tyre gjat\u00eb or\u00ebve t\u00eb pushimit n\u00eb plazh apo piknikut n\u00eb zon\u00ebn e parkut.<\/p>\n<p><strong>PER FOTO KLIKO<\/strong>:\u00a0<a href=\"https:\/\/www.facebook.com\/korpusiivullnetareve\/photos\/pcb.2016525028388862\/2016523505055681\/?type=3&amp;theater\">KETU<\/a><\/p>\n<p>Vullnetar\u00ebt q\u00eb mor\u00ebn pjes\u00eb n\u00eb k\u00ebt\u00eb aksion vendos\u00ebn t\u00eb hiqnin edhe mbetjet e hedhura nga bizneset kryesisht dhe b\u00ebn\u00eb apelin q\u00eb kjo situat\u00eb t\u00eb ndryshoj\u00eb sa m\u00eb par\u00eb.<\/p>\n<p><strong>PER VIDEO KLIKO:<\/strong>\u00a0<a href=\"https:\/\/www.facebook.com\/korpusiivullnetareve\/videos\/2016528671721831\/\">KETU<\/a><\/p>\n<p>Sakaq n\u00eb p\u00ebrfundim t\u00eb aksionit, prej plazhit dhe parkut, u hoq\u00ebn me qindra thaS\u00eb me mbetje.<\/p>\n<p>Aksionet e Korpusit t\u00eb Vullnetar\u00ebve do t\u00eb vijojn\u00eb edhe n\u00eb jav\u00ebt n\u00eb vazhdim n\u00eb zona t\u00eb tjera turistike t\u00eb vendit. Bashkohu edhe ti me ne p\u00ebr nj\u00eb mjedis sa m\u00eb t\u00eb past\u00ebr. #korpusiivullnetareve<\/p>\n<p><strong>PER VIDEO KLIKO:<\/strong>\u00a0<a href=\"https:\/\/www.facebook.com\/korpusiivullnetareve\/videos\/2016543658386999\/\">KETU<\/a><\/p>\n<div id=\"fb_share_1\" style=\"float: right; margin-left: 10px;\"><a name=\"fb_share\" type=\"box_count\" share_url=\"http:\/\/fml.al\/index.php\/2018\/05\/21\/plazhi-dhe-parku-i-zvernecit-u-pastruan-korpusi-i-vullnetareve-qytetare-mjaft-ndotet\/\" href=\"http:\/\/www.facebook.com\/sharer.php\">Share<\/a><\/div><div><script src=\"http:\/\/static.ak.fbcdn.net\/connect.php\/js\/FB.Share\" type=\"text\/javascript\"><\/script><\/div>","protected":false},"excerpt":{"rendered":"<p>P\u00ebr t\u00eb 10-in vit rradhazi plazhi dhe parku i pishave n\u00eb Zv\u00ebrnec, nj\u00eb prej plazheve m\u00eb t\u00eb m\u00ebdhenj n\u00eb vend, u pastruan nga aktivist\u00eb t\u00eb Korpusit t\u00eb Vullnetar\u00ebve, l\u00ebvizja m\u00eb e madhe mjedisore n\u00eb vend. Dit\u00ebn e diel\u00eb, mbi 140 vullnetar\u00eb u rikthyen n\u00eb Zv\u00ebrnec n\u00eb nj\u00eb p\u00ebrpjekje \u201cp\u00ebr t\u00eb sensibilizuar p\u00ebrmes pun\u00ebs\u201d p\u00ebr t\u00eb [&hellip;]<\/p>\n","protected":false},"author":2,"featured_media":691,"comment_status":"open","ping_status":"open","sticky":false,"template":"","format":"standard","meta":{"footnotes":""},"categories":[1],"tags":[],"class_list":["post-690","post","type-post","status-publish","format-standard","has-post-thumbnail","hentry","category-kryesore"],"yoast_head":"<!-- This site is optimized with the Yoast SEO plugin v23.8 - https:\/\/yoast.com\/wordpress\/plugins\/seo\/ -->\n<title>Plazhi dhe parku i Zv\u00ebrnecit u pastruan, Korpusi i Vullnetar\u00ebve: Qytetar\u00eb mjaft ndot\u00ebt! - Forumi i Mendimit t\u00eb Lir\u00eb<\/title>\n<meta name=\"robots\" content=\"index, follow, max-snippet:-1, max-image-preview:large, max-video-preview:-1\" \/>\n<link rel=\"canonical\" href=\"https:\/\/fml.al\/index.php\/2018\/05\/21\/plazhi-dhe-parku-i-zvernecit-u-pastruan-korpusi-i-vullnetareve-qytetare-mjaft-ndotet\/\" \/>\n<meta property=\"og:locale\" content=\"en_US\" \/>\n<meta property=\"og:type\" content=\"article\" \/>\n<meta property=\"og:title\" content=\"Plazhi dhe parku i Zv\u00ebrnecit u pastruan, Korpusi i Vullnetar\u00ebve: Qytetar\u00eb mjaft ndot\u00ebt! - Forumi i Mendimit t\u00eb Lir\u00eb\" \/>\n<meta property=\"og:description\" content=\"P\u00ebr t\u00eb 10-in vit rradhazi plazhi dhe parku i pishave n\u00eb Zv\u00ebrnec, nj\u00eb prej plazheve m\u00eb t\u00eb m\u00ebdhenj n\u00eb vend, u pastruan nga aktivist\u00eb t\u00eb Korpusit t\u00eb Vullnetar\u00ebve, l\u00ebvizja m\u00eb e madhe mjedisore n\u00eb vend. Dit\u00ebn e diel\u00eb, mbi 140 vullnetar\u00eb u rikthyen n\u00eb Zv\u00ebrnec n\u00eb nj\u00eb p\u00ebrpjekje \u201cp\u00ebr t\u00eb sensibilizuar p\u00ebrmes pun\u00ebs\u201d p\u00ebr t\u00eb [&hellip;]\" \/>\n<meta property=\"og:url\" content=\"https:\/\/fml.al\/index.php\/2018\/05\/21\/plazhi-dhe-parku-i-zvernecit-u-pastruan-korpusi-i-vullnetareve-qytetare-mjaft-ndotet\/\" \/>\n<meta property=\"og:site_name\" content=\"Forumi i Mendimit t\u00eb Lir\u00eb\" \/>\n<meta property=\"article:published_time\" content=\"2018-05-21T10:39:07+00:00\" \/>\n<meta property=\"og:image\" content=\"https:\/\/fml.al\/wp-content\/uploads\/2018\/05\/zvernec.jpg\" \/>\n\t<meta property=\"og:image:width\" content=\"960\" \/>\n\t<meta property=\"og:image:height\" content=\"720\" \/>\n\t<meta property=\"og:image:type\" content=\"image\/jpeg\" \/>\n<meta name=\"author\" content=\"fml\" \/>\n<meta name=\"twitter:card\" content=\"summary_large_image\" \/>\n<meta name=\"twitter:label1\" content=\"Written by\" \/>\n\t<meta name=\"twitter:data1\" content=\"fml\" \/>\n\t<meta name=\"twitter:label2\" content=\"Est. reading time\" \/>\n\t<meta name=\"twitter:data2\" content=\"1 minute\" \/>\n<script type=\"application\/ld+json\" class=\"yoast-schema-graph\">{\"@context\":\"https:\/\/schema.org\",\"@graph\":[{\"@type\":\"Article\",\"@id\":\"https:\/\/fml.al\/index.php\/2018\/05\/21\/plazhi-dhe-parku-i-zvernecit-u-pastruan-korpusi-i-vullnetareve-qytetare-mjaft-ndotet\/#article\",\"isPartOf\":{\"@id\":\"https:\/\/fml.al\/index.php\/2018\/05\/21\/plazhi-dhe-parku-i-zvernecit-u-pastruan-korpusi-i-vullnetareve-qytetare-mjaft-ndotet\/\"},\"author\":{\"name\":\"fml\",\"@id\":\"https:\/\/fml.al\/#\/schema\/person\/a1dd77f6f35c6cdc7974c7312a683446\"},\"headline\":\"Plazhi dhe parku i Zv\u00ebrnecit u pastruan, Korpusi i Vullnetar\u00ebve: Qytetar\u00eb mjaft ndot\u00ebt!\",\"datePublished\":\"2018-05-21T10:39:07+00:00\",\"dateModified\":\"2018-05-21T10:39:07+00:00\",\"mainEntityOfPage\":{\"@id\":\"https:\/\/fml.al\/index.php\/2018\/05\/21\/plazhi-dhe-parku-i-zvernecit-u-pastruan-korpusi-i-vullnetareve-qytetare-mjaft-ndotet\/\"},\"wordCount\":255,\"commentCount\":0,\"publisher\":{\"@id\":\"https:\/\/fml.al\/#organization\"},\"image\":{\"@id\":\"https:\/\/fml.al\/index.php\/2018\/05\/21\/plazhi-dhe-parku-i-zvernecit-u-pastruan-korpusi-i-vullnetareve-qytetare-mjaft-ndotet\/#primaryimage\"},\"thumbnailUrl\":\"http:\/\/fml.al\/wp-content\/uploads\/2018\/05\/zvernec.jpg\",\"articleSection\":[\"Kryesore\"],\"inLanguage\":\"en-US\",\"potentialAction\":[{\"@type\":\"CommentAction\",\"name\":\"Comment\",\"target\":[\"https:\/\/fml.al\/index.php\/2018\/05\/21\/plazhi-dhe-parku-i-zvernecit-u-pastruan-korpusi-i-vullnetareve-qytetare-mjaft-ndotet\/#respond\"]}]},{\"@type\":\"WebPage\",\"@id\":\"https:\/\/fml.al\/index.php\/2018\/05\/21\/plazhi-dhe-parku-i-zvernecit-u-pastruan-korpusi-i-vullnetareve-qytetare-mjaft-ndotet\/\",\"url\":\"https:\/\/fml.al\/index.php\/2018\/05\/21\/plazhi-dhe-parku-i-zvernecit-u-pastruan-korpusi-i-vullnetareve-qytetare-mjaft-ndotet\/\",\"name\":\"Plazhi dhe parku i Zv\u00ebrnecit u pastruan, Korpusi i Vullnetar\u00ebve: Qytetar\u00eb mjaft ndot\u00ebt! - Forumi i Mendimit t\u00eb Lir\u00eb\",\"isPartOf\":{\"@id\":\"https:\/\/fml.al\/#website\"},\"primaryImageOfPage\":{\"@id\":\"https:\/\/fml.al\/index.php\/2018\/05\/21\/plazhi-dhe-parku-i-zvernecit-u-pastruan-korpusi-i-vullnetareve-qytetare-mjaft-ndotet\/#primaryimage\"},\"image\":{\"@id\":\"https:\/\/fml.al\/index.php\/2018\/05\/21\/plazhi-dhe-parku-i-zvernecit-u-pastruan-korpusi-i-vullnetareve-qytetare-mjaft-ndotet\/#primaryimage\"},\"thumbnailUrl\":\"http:\/\/fml.al\/wp-content\/uploads\/2018\/05\/zvernec.jpg\",\"datePublished\":\"2018-05-21T10:39:07+00:00\",\"dateModified\":\"2018-05-21T10:39:07+00:00\",\"breadcrumb\":{\"@id\":\"https:\/\/fml.al\/index.php\/2018\/05\/21\/plazhi-dhe-parku-i-zvernecit-u-pastruan-korpusi-i-vullnetareve-qytetare-mjaft-ndotet\/#breadcrumb\"},\"inLanguage\":\"en-US\",\"potentialAction\":[{\"@type\":\"ReadAction\",\"target\":[\"https:\/\/fml.al\/index.php\/2018\/05\/21\/plazhi-dhe-parku-i-zvernecit-u-pastruan-korpusi-i-vullnetareve-qytetare-mjaft-ndotet\/\"]}]},{\"@type\":\"ImageObject\",\"inLanguage\":\"en-US\",\"@id\":\"https:\/\/fml.al\/index.php\/2018\/05\/21\/plazhi-dhe-parku-i-zvernecit-u-pastruan-korpusi-i-vullnetareve-qytetare-mjaft-ndotet\/#primaryimage\",\"url\":\"http:\/\/fml.al\/wp-content\/uploads\/2018\/05\/zvernec.jpg\",\"contentUrl\":\"http:\/\/fml.al\/wp-content\/uploads\/2018\/05\/zvernec.jpg\",\"width\":960,\"height\":720},{\"@type\":\"BreadcrumbList\",\"@id\":\"https:\/\/fml.al\/index.php\/2018\/05\/21\/plazhi-dhe-parku-i-zvernecit-u-pastruan-korpusi-i-vullnetareve-qytetare-mjaft-ndotet\/#breadcrumb\",\"itemListElement\":[{\"@type\":\"ListItem\",\"position\":1,\"name\":\"Home\",\"item\":\"https:\/\/fml.al\/\"},{\"@type\":\"ListItem\",\"position\":2,\"name\":\"Plazhi dhe parku i Zv\u00ebrnecit u pastruan, Korpusi i Vullnetar\u00ebve: Qytetar\u00eb mjaft ndot\u00ebt!\"}]},{\"@type\":\"WebSite\",\"@id\":\"https:\/\/fml.al\/#website\",\"url\":\"https:\/\/fml.al\/\",\"name\":\"Forumi i Mendimit t\u00eb Lir\u00eb\",\"description\":\"FML.al\",\"publisher\":{\"@id\":\"https:\/\/fml.al\/#organization\"},\"potentialAction\":[{\"@type\":\"SearchAction\",\"target\":{\"@type\":\"EntryPoint\",\"urlTemplate\":\"https:\/\/fml.al\/?s={search_term_string}\"},\"query-input\":{\"@type\":\"PropertyValueSpecification\",\"valueRequired\":true,\"valueName\":\"search_term_string\"}}],\"inLanguage\":\"en-US\"},{\"@type\":\"Organization\",\"@id\":\"https:\/\/fml.al\/#organization\",\"name\":\"Forumi i Mendimit t\u00eb Lir\u00eb\",\"url\":\"https:\/\/fml.al\/\",\"logo\":{\"@type\":\"ImageObject\",\"inLanguage\":\"en-US\",\"@id\":\"https:\/\/fml.al\/#\/schema\/logo\/image\/\",\"url\":\"https:\/\/fml.al\/wp-content\/uploads\/2015\/07\/fml_Logo.jpg\",\"contentUrl\":\"https:\/\/fml.al\/wp-content\/uploads\/2015\/07\/fml_Logo.jpg\",\"width\":186,\"height\":200,\"caption\":\"Forumi i Mendimit t\u00eb Lir\u00eb\"},\"image\":{\"@id\":\"https:\/\/fml.al\/#\/schema\/logo\/image\/\"}},{\"@type\":\"Person\",\"@id\":\"https:\/\/fml.al\/#\/schema\/person\/a1dd77f6f35c6cdc7974c7312a683446\",\"name\":\"fml\",\"image\":{\"@type\":\"ImageObject\",\"inLanguage\":\"en-US\",\"@id\":\"https:\/\/fml.al\/#\/schema\/person\/image\/\",\"url\":\"https:\/\/secure.gravatar.com\/avatar\/3c805328282e8905fb7373032ca0c59a?s=96&d=mm&r=g\",\"contentUrl\":\"https:\/\/secure.gravatar.com\/avatar\/3c805328282e8905fb7373032ca0c59a?s=96&d=mm&r=g\",\"caption\":\"fml\"},\"url\":\"http:\/\/fml.al\/index.php\/author\/fml\/\"}]}<\/script>\n<!-- \/ Yoast SEO plugin. -->","yoast_head_json":{"title":"Plazhi dhe parku i Zv\u00ebrnecit u pastruan, Korpusi i Vullnetar\u00ebve: Qytetar\u00eb mjaft ndot\u00ebt! - Forumi i Mendimit t\u00eb Lir\u00eb","robots":{"index":"index","follow":"follow","max-snippet":"max-snippet:-1","max-image-preview":"max-image-preview:large","max-video-preview":"max-video-preview:-1"},"canonical":"https:\/\/fml.al\/index.php\/2018\/05\/21\/plazhi-dhe-parku-i-zvernecit-u-pastruan-korpusi-i-vullnetareve-qytetare-mjaft-ndotet\/","og_locale":"en_US","og_type":"article","og_title":"Plazhi dhe parku i Zv\u00ebrnecit u pastruan, Korpusi i Vullnetar\u00ebve: Qytetar\u00eb mjaft ndot\u00ebt! - Forumi i Mendimit t\u00eb Lir\u00eb","og_description":"P\u00ebr t\u00eb 10-in vit rradhazi plazhi dhe parku i pishave n\u00eb Zv\u00ebrnec, nj\u00eb prej plazheve m\u00eb t\u00eb m\u00ebdhenj n\u00eb vend, u pastruan nga aktivist\u00eb t\u00eb Korpusit t\u00eb Vullnetar\u00ebve, l\u00ebvizja m\u00eb e madhe mjedisore n\u00eb vend. Dit\u00ebn e diel\u00eb, mbi 140 vullnetar\u00eb u rikthyen n\u00eb Zv\u00ebrnec n\u00eb nj\u00eb p\u00ebrpjekje \u201cp\u00ebr t\u00eb sensibilizuar p\u00ebrmes pun\u00ebs\u201d p\u00ebr t\u00eb [&hellip;]","og_url":"https:\/\/fml.al\/index.php\/2018\/05\/21\/plazhi-dhe-parku-i-zvernecit-u-pastruan-korpusi-i-vullnetareve-qytetare-mjaft-ndotet\/","og_site_name":"Forumi i Mendimit t\u00eb Lir\u00eb","article_published_time":"2018-05-21T10:39:07+00:00","og_image":[{"width":960,"height":720,"url":"https:\/\/fml.al\/wp-content\/uploads\/2018\/05\/zvernec.jpg","type":"image\/jpeg"}],"author":"fml","twitter_card":"summary_large_image","twitter_misc":{"Written by":"fml","Est. reading time":"1 minute"},"schema":{"@context":"https:\/\/schema.org","@graph":[{"@type":"Article","@id":"https:\/\/fml.al\/index.php\/2018\/05\/21\/plazhi-dhe-parku-i-zvernecit-u-pastruan-korpusi-i-vullnetareve-qytetare-mjaft-ndotet\/#article","isPartOf":{"@id":"https:\/\/fml.al\/index.php\/2018\/05\/21\/plazhi-dhe-parku-i-zvernecit-u-pastruan-korpusi-i-vullnetareve-qytetare-mjaft-ndotet\/"},"author":{"name":"fml","@id":"https:\/\/fml.al\/#\/schema\/person\/a1dd77f6f35c6cdc7974c7312a683446"},"headline":"Plazhi dhe parku i Zv\u00ebrnecit u pastruan, Korpusi i Vullnetar\u00ebve: Qytetar\u00eb mjaft ndot\u00ebt!","datePublished":"2018-05-21T10:39:07+00:00","dateModified":"2018-05-21T10:39:07+00:00","mainEntityOfPage":{"@id":"https:\/\/fml.al\/index.php\/2018\/05\/21\/plazhi-dhe-parku-i-zvernecit-u-pastruan-korpusi-i-vullnetareve-qytetare-mjaft-ndotet\/"},"wordCount":255,"commentCount":0,"publisher":{"@id":"https:\/\/fml.al\/#organization"},"image":{"@id":"https:\/\/fml.al\/index.php\/2018\/05\/21\/plazhi-dhe-parku-i-zvernecit-u-pastruan-korpusi-i-vullnetareve-qytetare-mjaft-ndotet\/#primaryimage"},"thumbnailUrl":"http:\/\/fml.al\/wp-content\/uploads\/2018\/05\/zvernec.jpg","articleSection":["Kryesore"],"inLanguage":"en-US","potentialAction":[{"@type":"CommentAction","name":"Comment","target":["https:\/\/fml.al\/index.php\/2018\/05\/21\/plazhi-dhe-parku-i-zvernecit-u-pastruan-korpusi-i-vullnetareve-qytetare-mjaft-ndotet\/#respond"]}]},{"@type":"WebPage","@id":"https:\/\/fml.al\/index.php\/2018\/05\/21\/plazhi-dhe-parku-i-zvernecit-u-pastruan-korpusi-i-vullnetareve-qytetare-mjaft-ndotet\/","url":"https:\/\/fml.al\/index.php\/2018\/05\/21\/plazhi-dhe-parku-i-zvernecit-u-pastruan-korpusi-i-vullnetareve-qytetare-mjaft-ndotet\/","name":"Plazhi dhe parku i Zv\u00ebrnecit u pastruan, Korpusi i Vullnetar\u00ebve: Qytetar\u00eb mjaft ndot\u00ebt! - Forumi i Mendimit t\u00eb Lir\u00eb","isPartOf":{"@id":"https:\/\/fml.al\/#website"},"primaryImageOfPage":{"@id":"https:\/\/fml.al\/index.php\/2018\/05\/21\/plazhi-dhe-parku-i-zvernecit-u-pastruan-korpusi-i-vullnetareve-qytetare-mjaft-ndotet\/#primaryimage"},"image":{"@id":"https:\/\/fml.al\/index.php\/2018\/05\/21\/plazhi-dhe-parku-i-zvernecit-u-pastruan-korpusi-i-vullnetareve-qytetare-mjaft-ndotet\/#primaryimage"},"thumbnailUrl":"http:\/\/fml.al\/wp-content\/uploads\/2018\/05\/zvernec.jpg","datePublished":"2018-05-21T10:39:07+00:00","dateModified":"2018-05-21T10:39:07+00:00","breadcrumb":{"@id":"https:\/\/fml.al\/index.php\/2018\/05\/21\/plazhi-dhe-parku-i-zvernecit-u-pastruan-korpusi-i-vullnetareve-qytetare-mjaft-ndotet\/#breadcrumb"},"inLanguage":"en-US","potentialAction":[{"@type":"ReadAction","target":["https:\/\/fml.al\/index.php\/2018\/05\/21\/plazhi-dhe-parku-i-zvernecit-u-pastruan-korpusi-i-vullnetareve-qytetare-mjaft-ndotet\/"]}]},{"@type":"ImageObject","inLanguage":"en-US","@id":"https:\/\/fml.al\/index.php\/2018\/05\/21\/plazhi-dhe-parku-i-zvernecit-u-pastruan-korpusi-i-vullnetareve-qytetare-mjaft-ndotet\/#primaryimage","url":"http:\/\/fml.al\/wp-content\/uploads\/2018\/05\/zvernec.jpg","contentUrl":"http:\/\/fml.al\/wp-content\/uploads\/2018\/05\/zvernec.jpg","width":960,"height":720},{"@type":"BreadcrumbList","@id":"https:\/\/fml.al\/index.php\/2018\/05\/21\/plazhi-dhe-parku-i-zvernecit-u-pastruan-korpusi-i-vullnetareve-qytetare-mjaft-ndotet\/#breadcrumb","itemListElement":[{"@type":"ListItem","position":1,"name":"Home","item":"https:\/\/fml.al\/"},{"@type":"ListItem","position":2,"name":"Plazhi dhe parku i Zv\u00ebrnecit u pastruan, Korpusi i Vullnetar\u00ebve: Qytetar\u00eb mjaft ndot\u00ebt!"}]},{"@type":"WebSite","@id":"https:\/\/fml.al\/#website","url":"https:\/\/fml.al\/","name":"Forumi i Mendimit t\u00eb Lir\u00eb","description":"FML.al","publisher":{"@id":"https:\/\/fml.al\/#organization"},"potentialAction":[{"@type":"SearchAction","target":{"@type":"EntryPoint","urlTemplate":"https:\/\/fml.al\/?s={search_term_string}"},"query-input":{"@type":"PropertyValueSpecification","valueRequired":true,"valueName":"search_term_string"}}],"inLanguage":"en-US"},{"@type":"Organization","@id":"https:\/\/fml.al\/#organization","name":"Forumi i Mendimit t\u00eb Lir\u00eb","url":"https:\/\/fml.al\/","logo":{"@type":"ImageObject","inLanguage":"en-US","@id":"https:\/\/fml.al\/#\/schema\/logo\/image\/","url":"https:\/\/fml.al\/wp-content\/uploads\/2015\/07\/fml_Logo.jpg","contentUrl":"https:\/\/fml.al\/wp-content\/uploads\/2015\/07\/fml_Logo.jpg","width":186,"height":200,"caption":"Forumi i Mendimit t\u00eb Lir\u00eb"},"image":{"@id":"https:\/\/fml.al\/#\/schema\/logo\/image\/"}},{"@type":"Person","@id":"https:\/\/fml.al\/#\/schema\/person\/a1dd77f6f35c6cdc7974c7312a683446","name":"fml","image":{"@type":"ImageObject","inLanguage":"en-US","@id":"https:\/\/fml.al\/#\/schema\/person\/image\/","url":"https:\/\/secure.gravatar.com\/avatar\/3c805328282e8905fb7373032ca0c59a?s=96&d=mm&r=g","contentUrl":"https:\/\/secure.gravatar.com\/avatar\/3c805328282e8905fb7373032ca0c59a?s=96&d=mm&r=g","caption":"fml"},"url":"http:\/\/fml.al\/index.php\/author\/fml\/"}]}},"_links":{"self":[{"href":"http:\/\/fml.al\/index.php\/wp-json\/wp\/v2\/posts\/690","targetHints":{"allow":["GET"]}}],"collection":[{"href":"http:\/\/fml.al\/index.php\/wp-json\/wp\/v2\/posts"}],"about":[{"href":"http:\/\/fml.al\/index.php\/wp-json\/wp\/v2\/types\/post"}],"author":[{"embeddable":true,"href":"http:\/\/fml.al\/index.php\/wp-json\/wp\/v2\/users\/2"}],"replies":[{"embeddable":true,"href":"http:\/\/fml.al\/index.php\/wp-json\/wp\/v2\/comments?post=690"}],"version-history":[{"count":1,"href":"http:\/\/fml.al\/index.php\/wp-json\/wp\/v2\/posts\/690\/revisions"}],"predecessor-version":[{"id":692,"href":"http:\/\/fml.al\/index.php\/wp-json\/wp\/v2\/posts\/690\/revisions\/692"}],"wp:featuredmedia":[{"embeddable":true,"href":"http:\/\/fml.al\/index.php\/wp-json\/wp\/v2\/media\/691"}],"wp:attachment":[{"href":"http:\/\/fml.al\/index.php\/wp-json\/wp\/v2\/media?parent=690"}],"wp:term":[{"taxonomy":"category","embeddable":true,"href":"http:\/\/fml.al\/index.php\/wp-json\/wp\/v2\/categories?post=690"},{"taxonomy":"post_tag","embeddable":true,"href":"http:\/\/fml.al\/index.php\/wp-json\/wp\/v2\/tags?post=690"}],"curies":[{"name":"wp","href":"https:\/\/api.w.org\/{rel}","templated":true}]}}