{"id":728,"date":"2018-06-06T20:25:04","date_gmt":"2018-06-06T20:25:04","guid":{"rendered":"http:\/\/fml.al\/?p=728"},"modified":"2018-06-06T20:25:04","modified_gmt":"2018-06-06T20:25:04","slug":"mos-ndot-pastro-dhe-denonco-ndotesit","status":"publish","type":"post","link":"http:\/\/fml.al\/index.php\/2018\/06\/06\/mos-ndot-pastro-dhe-denonco-ndotesit\/","title":{"rendered":"Mos ndot, pastro dhe denonco ndot\u00ebsit!"},"content":{"rendered":"<p>N\u00eb dit\u00ebn nd\u00ebrkomb\u00ebtare t\u00eb mjedisit, Forumi i\u00a0\u00a0Mendimit t\u00eb Lir\u00eb, protestoi n\u00eb nj\u00eb m\u00ebnyr\u00eb krejt t\u00eb ve\u00e7nat\u00eb, kund\u00ebr ndotjes s\u00eb mjedisit. N\u00eb sheshin q\u00ebndror t\u00eb qytetit t\u00eb Elbasanit, u organizua nj\u00eb ekspozit\u00eb me postera ku ishin stampuar fotografi nga mjedise publike t\u00eb ndotura nga mbetjet urbane t\u00eb hedhura nga qytetar\u00ebt.<\/p>\n<p>Gjithashtu u p\u00ebrdor\u00ebn fotografi nga aksionet q\u00eb vullnetar\u00ebt e organizat\u00ebs kan\u00eb organizuar p\u00ebr pastrimin e mjedisit n\u00eb bashkin\u00eb e Elbasanit. Konkretisht, n\u00eb zon\u00ebn turistike t\u00eb kodr\u00ebs s\u00eb Krast\u00ebs. Aktivist\u00eb t\u00eb organizat\u00ebs shpr\u00ebndan\u00eb qindra flet\u00ebpalosje me apele mjedisore, drejtuar qytetar\u00ebve p\u00ebr t\u00eb mos ndotur mjedisin, por edhe ndaj pushtetit vendor p\u00ebr t\u00eb marr\u00eb masa.<\/p>\n<p>Ekspozita u zhvillua n\u00eb kuad\u00ebr t\u00eb projektit t\u00eb organizat\u00ebs Forumi i Mendimit t\u00eb Lir\u00eb, \u201cMonitorimi i pushtetit vendor dhe nxitja e qytetar\u00ebve\u00a0\u00a0p\u00ebr mbrojtjen e mjedisit\u201d.\u00a0Ky projekt realizohet nga Forumi i Mendimit t\u00eb Lir\u00eb, si pjese e Rrjetit Komb\u00ebtar t\u00eb Shoqatave Mjedisore ECIM n\u00eb kuadrin e programit SENIOR II, zbatuar nga\u00a0\u00a0REC Shqip\u00ebri dhe i financuar nga Ambasada Suedeze.<\/p>\n<div id=\"gallery-1\" class=\"gallery galleryid-1442 gallery-columns-1 gallery-size-full\">\n<dl class=\"gallery-item\">\n<dt class=\"gallery-icon landscape\"><a href=\"http:\/\/unemonitoroj.com\/elbasan\/2018\/06\/06\/mos-ndot-pastro-dhe-denonco-ndotesit\/a1-4\/\"><img loading=\"lazy\" decoding=\"async\" class=\"attachment-full size-full\" src=\"http:\/\/unemonitoroj.com\/elbasan\/wp-content\/uploads\/2018\/06\/a1.jpg\" sizes=\"auto, (max-width: 1280px) 100vw, 1280px\" srcset=\"http:\/\/unemonitoroj.com\/elbasan\/wp-content\/uploads\/2018\/06\/a1.jpg 1280w, http:\/\/unemonitoroj.com\/elbasan\/wp-content\/uploads\/2018\/06\/a1-300x225.jpg 300w, http:\/\/unemonitoroj.com\/elbasan\/wp-content\/uploads\/2018\/06\/a1-768x576.jpg 768w, http:\/\/unemonitoroj.com\/elbasan\/wp-content\/uploads\/2018\/06\/a1-1024x768.jpg 1024w\" alt=\"a1\" width=\"1280\" height=\"960\" \/><\/a><\/dt>\n<\/dl>\n<dl class=\"gallery-item\">\n<dt class=\"gallery-icon landscape\"><a href=\"http:\/\/unemonitoroj.com\/elbasan\/2018\/06\/06\/mos-ndot-pastro-dhe-denonco-ndotesit\/a2-4\/\"><img loading=\"lazy\" decoding=\"async\" class=\"attachment-full size-full\" src=\"http:\/\/unemonitoroj.com\/elbasan\/wp-content\/uploads\/2018\/06\/a2.jpg\" sizes=\"auto, (max-width: 1280px) 100vw, 1280px\" srcset=\"http:\/\/unemonitoroj.com\/elbasan\/wp-content\/uploads\/2018\/06\/a2.jpg 1280w, http:\/\/unemonitoroj.com\/elbasan\/wp-content\/uploads\/2018\/06\/a2-300x225.jpg 300w, http:\/\/unemonitoroj.com\/elbasan\/wp-content\/uploads\/2018\/06\/a2-768x576.jpg 768w, http:\/\/unemonitoroj.com\/elbasan\/wp-content\/uploads\/2018\/06\/a2-1024x768.jpg 1024w\" alt=\"a2\" width=\"1280\" height=\"960\" \/><\/a><\/dt>\n<\/dl>\n<dl class=\"gallery-item\">\n<dt class=\"gallery-icon landscape\"><a href=\"http:\/\/unemonitoroj.com\/elbasan\/2018\/06\/06\/mos-ndot-pastro-dhe-denonco-ndotesit\/a4-3\/\"><img loading=\"lazy\" decoding=\"async\" class=\"attachment-full size-full\" src=\"http:\/\/unemonitoroj.com\/elbasan\/wp-content\/uploads\/2018\/06\/a4.jpg\" sizes=\"auto, (max-width: 1280px) 100vw, 1280px\" srcset=\"http:\/\/unemonitoroj.com\/elbasan\/wp-content\/uploads\/2018\/06\/a4.jpg 1280w, http:\/\/unemonitoroj.com\/elbasan\/wp-content\/uploads\/2018\/06\/a4-300x225.jpg 300w, http:\/\/unemonitoroj.com\/elbasan\/wp-content\/uploads\/2018\/06\/a4-768x576.jpg 768w, http:\/\/unemonitoroj.com\/elbasan\/wp-content\/uploads\/2018\/06\/a4-1024x768.jpg 1024w\" alt=\"a4\" width=\"1280\" height=\"960\" \/><\/a><\/dt>\n<\/dl>\n<dl class=\"gallery-item\">\n<dt class=\"gallery-icon landscape\"><a href=\"http:\/\/unemonitoroj.com\/elbasan\/2018\/06\/06\/mos-ndot-pastro-dhe-denonco-ndotesit\/a5-3\/\"><img loading=\"lazy\" decoding=\"async\" class=\"attachment-full size-full\" src=\"http:\/\/unemonitoroj.com\/elbasan\/wp-content\/uploads\/2018\/06\/a5.jpg\" sizes=\"auto, (max-width: 1280px) 100vw, 1280px\" srcset=\"http:\/\/unemonitoroj.com\/elbasan\/wp-content\/uploads\/2018\/06\/a5.jpg 1280w, http:\/\/unemonitoroj.com\/elbasan\/wp-content\/uploads\/2018\/06\/a5-300x225.jpg 300w, http:\/\/unemonitoroj.com\/elbasan\/wp-content\/uploads\/2018\/06\/a5-768x576.jpg 768w, http:\/\/unemonitoroj.com\/elbasan\/wp-content\/uploads\/2018\/06\/a5-1024x768.jpg 1024w\" alt=\"a5\" width=\"1280\" height=\"960\" \/><\/a><\/dt>\n<\/dl>\n<dl class=\"gallery-item\">\n<dt class=\"gallery-icon landscape\"><a href=\"http:\/\/unemonitoroj.com\/elbasan\/2018\/06\/06\/mos-ndot-pastro-dhe-denonco-ndotesit\/a6-3\/\"><img loading=\"lazy\" decoding=\"async\" class=\"attachment-full size-full\" src=\"http:\/\/unemonitoroj.com\/elbasan\/wp-content\/uploads\/2018\/06\/a6.jpg\" sizes=\"auto, (max-width: 1280px) 100vw, 1280px\" srcset=\"http:\/\/unemonitoroj.com\/elbasan\/wp-content\/uploads\/2018\/06\/a6.jpg 1280w, http:\/\/unemonitoroj.com\/elbasan\/wp-content\/uploads\/2018\/06\/a6-300x225.jpg 300w, http:\/\/unemonitoroj.com\/elbasan\/wp-content\/uploads\/2018\/06\/a6-768x576.jpg 768w, http:\/\/unemonitoroj.com\/elbasan\/wp-content\/uploads\/2018\/06\/a6-1024x768.jpg 1024w\" alt=\"a6\" width=\"1280\" height=\"960\" \/><\/a><\/dt>\n<\/dl>\n<dl class=\"gallery-item\">\n<dt class=\"gallery-icon landscape\"><a href=\"http:\/\/unemonitoroj.com\/elbasan\/2018\/06\/06\/mos-ndot-pastro-dhe-denonco-ndotesit\/a7-3\/\"><img loading=\"lazy\" decoding=\"async\" class=\"attachment-full size-full\" src=\"http:\/\/unemonitoroj.com\/elbasan\/wp-content\/uploads\/2018\/06\/a7.jpg\" sizes=\"auto, (max-width: 1280px) 100vw, 1280px\" srcset=\"http:\/\/unemonitoroj.com\/elbasan\/wp-content\/uploads\/2018\/06\/a7.jpg 1280w, http:\/\/unemonitoroj.com\/elbasan\/wp-content\/uploads\/2018\/06\/a7-300x225.jpg 300w, http:\/\/unemonitoroj.com\/elbasan\/wp-content\/uploads\/2018\/06\/a7-768x576.jpg 768w, http:\/\/unemonitoroj.com\/elbasan\/wp-content\/uploads\/2018\/06\/a7-1024x768.jpg 1024w\" alt=\"a7\" width=\"1280\" height=\"960\" \/><\/a><\/dt>\n<\/dl>\n<dl class=\"gallery-item\">\n<dt class=\"gallery-icon landscape\"><a href=\"http:\/\/unemonitoroj.com\/elbasan\/2018\/06\/06\/mos-ndot-pastro-dhe-denonco-ndotesit\/a8-3\/\"><img loading=\"lazy\" decoding=\"async\" class=\"attachment-full size-full\" src=\"http:\/\/unemonitoroj.com\/elbasan\/wp-content\/uploads\/2018\/06\/a8.jpg\" sizes=\"auto, (max-width: 1280px) 100vw, 1280px\" srcset=\"http:\/\/unemonitoroj.com\/elbasan\/wp-content\/uploads\/2018\/06\/a8.jpg 1280w, http:\/\/unemonitoroj.com\/elbasan\/wp-content\/uploads\/2018\/06\/a8-300x225.jpg 300w, http:\/\/unemonitoroj.com\/elbasan\/wp-content\/uploads\/2018\/06\/a8-768x576.jpg 768w, http:\/\/unemonitoroj.com\/elbasan\/wp-content\/uploads\/2018\/06\/a8-1024x768.jpg 1024w\" alt=\"a8\" width=\"1280\" height=\"960\" \/><\/a><\/dt>\n<\/dl>\n<dl class=\"gallery-item\">\n<dt class=\"gallery-icon landscape\"><a href=\"http:\/\/unemonitoroj.com\/elbasan\/2018\/06\/06\/mos-ndot-pastro-dhe-denonco-ndotesit\/a9\/\"><img loading=\"lazy\" decoding=\"async\" class=\"attachment-full size-full\" src=\"http:\/\/unemonitoroj.com\/elbasan\/wp-content\/uploads\/2018\/06\/a9.jpg\" sizes=\"auto, (max-width: 1280px) 100vw, 1280px\" srcset=\"http:\/\/unemonitoroj.com\/elbasan\/wp-content\/uploads\/2018\/06\/a9.jpg 1280w, http:\/\/unemonitoroj.com\/elbasan\/wp-content\/uploads\/2018\/06\/a9-300x225.jpg 300w, http:\/\/unemonitoroj.com\/elbasan\/wp-content\/uploads\/2018\/06\/a9-768x576.jpg 768w, http:\/\/unemonitoroj.com\/elbasan\/wp-content\/uploads\/2018\/06\/a9-1024x768.jpg 1024w\" alt=\"a9\" width=\"1280\" height=\"960\" \/><\/a><\/dt>\n<\/dl>\n<dl class=\"gallery-item\">\n<dt class=\"gallery-icon portrait\"><a href=\"http:\/\/unemonitoroj.com\/elbasan\/2018\/06\/06\/mos-ndot-pastro-dhe-denonco-ndotesit\/a10\/\"><img loading=\"lazy\" decoding=\"async\" class=\"attachment-full size-full\" src=\"http:\/\/unemonitoroj.com\/elbasan\/wp-content\/uploads\/2018\/06\/a10.jpg\" sizes=\"auto, (max-width: 1210px) 100vw, 1210px\" srcset=\"http:\/\/unemonitoroj.com\/elbasan\/wp-content\/uploads\/2018\/06\/a10.jpg 1210w, http:\/\/unemonitoroj.com\/elbasan\/wp-content\/uploads\/2018\/06\/a10-292x300.jpg 292w, http:\/\/unemonitoroj.com\/elbasan\/wp-content\/uploads\/2018\/06\/a10-768x790.jpg 768w, http:\/\/unemonitoroj.com\/elbasan\/wp-content\/uploads\/2018\/06\/a10-996x1024.jpg 996w\" alt=\"a10\" width=\"1210\" height=\"1244\" \/><\/a><\/dt>\n<\/dl>\n<dl class=\"gallery-item\">\n<dt class=\"gallery-icon portrait\"><a href=\"http:\/\/unemonitoroj.com\/elbasan\/2018\/06\/06\/mos-ndot-pastro-dhe-denonco-ndotesit\/a11\/\"><img loading=\"lazy\" decoding=\"async\" class=\"attachment-full size-full\" src=\"http:\/\/unemonitoroj.com\/elbasan\/wp-content\/uploads\/2018\/06\/a11.jpg\" sizes=\"auto, (max-width: 1242px) 100vw, 1242px\" srcset=\"http:\/\/unemonitoroj.com\/elbasan\/wp-content\/uploads\/2018\/06\/a11.jpg 1242w, http:\/\/unemonitoroj.com\/elbasan\/wp-content\/uploads\/2018\/06\/a11-291x300.jpg 291w, http:\/\/unemonitoroj.com\/elbasan\/wp-content\/uploads\/2018\/06\/a11-768x791.jpg 768w, http:\/\/unemonitoroj.com\/elbasan\/wp-content\/uploads\/2018\/06\/a11-994x1024.jpg 994w\" alt=\"a11\" width=\"1242\" height=\"1280\" \/><\/a><\/dt>\n<\/dl>\n<\/div>\n<p><iframe loading=\"lazy\" src=\"https:\/\/www.youtube.com\/embed\/u_hTkexydBw?feature=oembed\" width=\"960\" height=\"540\" frameborder=\"0\" allowfullscreen=\"allowfullscreen\"><\/iframe><\/p>\n<div id=\"fb_share_1\"><a href=\"http:\/\/www.facebook.com\/sharer.php\" type=\"box_count\" name=\"fb_share\">Share<\/a><\/div>\n<div id=\"fb_share_1\" style=\"float: right; margin-left: 10px;\"><a name=\"fb_share\" type=\"box_count\" share_url=\"http:\/\/fml.al\/index.php\/2018\/06\/06\/mos-ndot-pastro-dhe-denonco-ndotesit\/\" href=\"http:\/\/www.facebook.com\/sharer.php\">Share<\/a><\/div><div><script src=\"http:\/\/static.ak.fbcdn.net\/connect.php\/js\/FB.Share\" type=\"text\/javascript\"><\/script><\/div>","protected":false},"excerpt":{"rendered":"<p>N\u00eb dit\u00ebn nd\u00ebrkomb\u00ebtare t\u00eb mjedisit, Forumi i\u00a0\u00a0Mendimit t\u00eb Lir\u00eb, protestoi n\u00eb nj\u00eb m\u00ebnyr\u00eb krejt t\u00eb ve\u00e7nat\u00eb, kund\u00ebr ndotjes s\u00eb mjedisit. N\u00eb sheshin q\u00ebndror t\u00eb qytetit t\u00eb Elbasanit, u organizua nj\u00eb ekspozit\u00eb me postera ku ishin stampuar fotografi nga mjedise publike t\u00eb ndotura nga mbetjet urbane t\u00eb hedhura nga qytetar\u00ebt. Gjithashtu u p\u00ebrdor\u00ebn fotografi nga aksionet [&hellip;]<\/p>\n","protected":false},"author":2,"featured_media":729,"comment_status":"open","ping_status":"open","sticky":false,"template":"","format":"standard","meta":{"footnotes":""},"categories":[1],"tags":[],"class_list":["post-728","post","type-post","status-publish","format-standard","has-post-thumbnail","hentry","category-kryesore"],"yoast_head":"<!-- This site is optimized with the Yoast SEO plugin v23.8 - https:\/\/yoast.com\/wordpress\/plugins\/seo\/ -->\n<title>Mos ndot, pastro dhe denonco ndot\u00ebsit! - Forumi i Mendimit t\u00eb Lir\u00eb<\/title>\n<meta name=\"robots\" content=\"index, follow, max-snippet:-1, max-image-preview:large, max-video-preview:-1\" \/>\n<link rel=\"canonical\" href=\"https:\/\/fml.al\/index.php\/2018\/06\/06\/mos-ndot-pastro-dhe-denonco-ndotesit\/\" \/>\n<meta property=\"og:locale\" content=\"en_US\" \/>\n<meta property=\"og:type\" content=\"article\" \/>\n<meta property=\"og:title\" content=\"Mos ndot, pastro dhe denonco ndot\u00ebsit! - Forumi i Mendimit t\u00eb Lir\u00eb\" \/>\n<meta property=\"og:description\" content=\"N\u00eb dit\u00ebn nd\u00ebrkomb\u00ebtare t\u00eb mjedisit, Forumi i\u00a0\u00a0Mendimit t\u00eb Lir\u00eb, protestoi n\u00eb nj\u00eb m\u00ebnyr\u00eb krejt t\u00eb ve\u00e7nat\u00eb, kund\u00ebr ndotjes s\u00eb mjedisit. N\u00eb sheshin q\u00ebndror t\u00eb qytetit t\u00eb Elbasanit, u organizua nj\u00eb ekspozit\u00eb me postera ku ishin stampuar fotografi nga mjedise publike t\u00eb ndotura nga mbetjet urbane t\u00eb hedhura nga qytetar\u00ebt. Gjithashtu u p\u00ebrdor\u00ebn fotografi nga aksionet [&hellip;]\" \/>\n<meta property=\"og:url\" content=\"https:\/\/fml.al\/index.php\/2018\/06\/06\/mos-ndot-pastro-dhe-denonco-ndotesit\/\" \/>\n<meta property=\"og:site_name\" content=\"Forumi i Mendimit t\u00eb Lir\u00eb\" \/>\n<meta property=\"article:published_time\" content=\"2018-06-06T20:25:04+00:00\" \/>\n<meta property=\"og:image\" content=\"https:\/\/fml.al\/wp-content\/uploads\/2018\/06\/a2.jpg\" \/>\n\t<meta property=\"og:image:width\" content=\"1280\" \/>\n\t<meta property=\"og:image:height\" content=\"960\" \/>\n\t<meta property=\"og:image:type\" content=\"image\/jpeg\" \/>\n<meta name=\"author\" content=\"fml\" \/>\n<meta name=\"twitter:card\" content=\"summary_large_image\" \/>\n<meta name=\"twitter:label1\" content=\"Written by\" \/>\n\t<meta name=\"twitter:data1\" content=\"fml\" \/>\n\t<meta name=\"twitter:label2\" content=\"Est. reading time\" \/>\n\t<meta name=\"twitter:data2\" content=\"1 minute\" \/>\n<script type=\"application\/ld+json\" class=\"yoast-schema-graph\">{\"@context\":\"https:\/\/schema.org\",\"@graph\":[{\"@type\":\"Article\",\"@id\":\"https:\/\/fml.al\/index.php\/2018\/06\/06\/mos-ndot-pastro-dhe-denonco-ndotesit\/#article\",\"isPartOf\":{\"@id\":\"https:\/\/fml.al\/index.php\/2018\/06\/06\/mos-ndot-pastro-dhe-denonco-ndotesit\/\"},\"author\":{\"name\":\"fml\",\"@id\":\"https:\/\/fml.al\/#\/schema\/person\/a1dd77f6f35c6cdc7974c7312a683446\"},\"headline\":\"Mos ndot, pastro dhe denonco ndot\u00ebsit!\",\"datePublished\":\"2018-06-06T20:25:04+00:00\",\"dateModified\":\"2018-06-06T20:25:04+00:00\",\"mainEntityOfPage\":{\"@id\":\"https:\/\/fml.al\/index.php\/2018\/06\/06\/mos-ndot-pastro-dhe-denonco-ndotesit\/\"},\"wordCount\":199,\"commentCount\":0,\"publisher\":{\"@id\":\"https:\/\/fml.al\/#organization\"},\"image\":{\"@id\":\"https:\/\/fml.al\/index.php\/2018\/06\/06\/mos-ndot-pastro-dhe-denonco-ndotesit\/#primaryimage\"},\"thumbnailUrl\":\"http:\/\/fml.al\/wp-content\/uploads\/2018\/06\/a2.jpg\",\"articleSection\":[\"Kryesore\"],\"inLanguage\":\"en-US\",\"potentialAction\":[{\"@type\":\"CommentAction\",\"name\":\"Comment\",\"target\":[\"https:\/\/fml.al\/index.php\/2018\/06\/06\/mos-ndot-pastro-dhe-denonco-ndotesit\/#respond\"]}]},{\"@type\":\"WebPage\",\"@id\":\"https:\/\/fml.al\/index.php\/2018\/06\/06\/mos-ndot-pastro-dhe-denonco-ndotesit\/\",\"url\":\"https:\/\/fml.al\/index.php\/2018\/06\/06\/mos-ndot-pastro-dhe-denonco-ndotesit\/\",\"name\":\"Mos ndot, pastro dhe denonco ndot\u00ebsit! - Forumi i Mendimit t\u00eb Lir\u00eb\",\"isPartOf\":{\"@id\":\"https:\/\/fml.al\/#website\"},\"primaryImageOfPage\":{\"@id\":\"https:\/\/fml.al\/index.php\/2018\/06\/06\/mos-ndot-pastro-dhe-denonco-ndotesit\/#primaryimage\"},\"image\":{\"@id\":\"https:\/\/fml.al\/index.php\/2018\/06\/06\/mos-ndot-pastro-dhe-denonco-ndotesit\/#primaryimage\"},\"thumbnailUrl\":\"http:\/\/fml.al\/wp-content\/uploads\/2018\/06\/a2.jpg\",\"datePublished\":\"2018-06-06T20:25:04+00:00\",\"dateModified\":\"2018-06-06T20:25:04+00:00\",\"breadcrumb\":{\"@id\":\"https:\/\/fml.al\/index.php\/2018\/06\/06\/mos-ndot-pastro-dhe-denonco-ndotesit\/#breadcrumb\"},\"inLanguage\":\"en-US\",\"potentialAction\":[{\"@type\":\"ReadAction\",\"target\":[\"https:\/\/fml.al\/index.php\/2018\/06\/06\/mos-ndot-pastro-dhe-denonco-ndotesit\/\"]}]},{\"@type\":\"ImageObject\",\"inLanguage\":\"en-US\",\"@id\":\"https:\/\/fml.al\/index.php\/2018\/06\/06\/mos-ndot-pastro-dhe-denonco-ndotesit\/#primaryimage\",\"url\":\"http:\/\/fml.al\/wp-content\/uploads\/2018\/06\/a2.jpg\",\"contentUrl\":\"http:\/\/fml.al\/wp-content\/uploads\/2018\/06\/a2.jpg\",\"width\":1280,\"height\":960},{\"@type\":\"BreadcrumbList\",\"@id\":\"https:\/\/fml.al\/index.php\/2018\/06\/06\/mos-ndot-pastro-dhe-denonco-ndotesit\/#breadcrumb\",\"itemListElement\":[{\"@type\":\"ListItem\",\"position\":1,\"name\":\"Home\",\"item\":\"https:\/\/fml.al\/\"},{\"@type\":\"ListItem\",\"position\":2,\"name\":\"Mos ndot, pastro dhe denonco ndot\u00ebsit!\"}]},{\"@type\":\"WebSite\",\"@id\":\"https:\/\/fml.al\/#website\",\"url\":\"https:\/\/fml.al\/\",\"name\":\"Forumi i Mendimit t\u00eb Lir\u00eb\",\"description\":\"FML.al\",\"publisher\":{\"@id\":\"https:\/\/fml.al\/#organization\"},\"potentialAction\":[{\"@type\":\"SearchAction\",\"target\":{\"@type\":\"EntryPoint\",\"urlTemplate\":\"https:\/\/fml.al\/?s={search_term_string}\"},\"query-input\":{\"@type\":\"PropertyValueSpecification\",\"valueRequired\":true,\"valueName\":\"search_term_string\"}}],\"inLanguage\":\"en-US\"},{\"@type\":\"Organization\",\"@id\":\"https:\/\/fml.al\/#organization\",\"name\":\"Forumi i Mendimit t\u00eb Lir\u00eb\",\"url\":\"https:\/\/fml.al\/\",\"logo\":{\"@type\":\"ImageObject\",\"inLanguage\":\"en-US\",\"@id\":\"https:\/\/fml.al\/#\/schema\/logo\/image\/\",\"url\":\"https:\/\/fml.al\/wp-content\/uploads\/2015\/07\/fml_Logo.jpg\",\"contentUrl\":\"https:\/\/fml.al\/wp-content\/uploads\/2015\/07\/fml_Logo.jpg\",\"width\":186,\"height\":200,\"caption\":\"Forumi i Mendimit t\u00eb Lir\u00eb\"},\"image\":{\"@id\":\"https:\/\/fml.al\/#\/schema\/logo\/image\/\"}},{\"@type\":\"Person\",\"@id\":\"https:\/\/fml.al\/#\/schema\/person\/a1dd77f6f35c6cdc7974c7312a683446\",\"name\":\"fml\",\"image\":{\"@type\":\"ImageObject\",\"inLanguage\":\"en-US\",\"@id\":\"https:\/\/fml.al\/#\/schema\/person\/image\/\",\"url\":\"https:\/\/secure.gravatar.com\/avatar\/3c805328282e8905fb7373032ca0c59a?s=96&d=mm&r=g\",\"contentUrl\":\"https:\/\/secure.gravatar.com\/avatar\/3c805328282e8905fb7373032ca0c59a?s=96&d=mm&r=g\",\"caption\":\"fml\"},\"url\":\"http:\/\/fml.al\/index.php\/author\/fml\/\"}]}<\/script>\n<!-- \/ Yoast SEO plugin. -->","yoast_head_json":{"title":"Mos ndot, pastro dhe denonco ndot\u00ebsit! - Forumi i Mendimit t\u00eb Lir\u00eb","robots":{"index":"index","follow":"follow","max-snippet":"max-snippet:-1","max-image-preview":"max-image-preview:large","max-video-preview":"max-video-preview:-1"},"canonical":"https:\/\/fml.al\/index.php\/2018\/06\/06\/mos-ndot-pastro-dhe-denonco-ndotesit\/","og_locale":"en_US","og_type":"article","og_title":"Mos ndot, pastro dhe denonco ndot\u00ebsit! - Forumi i Mendimit t\u00eb Lir\u00eb","og_description":"N\u00eb dit\u00ebn nd\u00ebrkomb\u00ebtare t\u00eb mjedisit, Forumi i\u00a0\u00a0Mendimit t\u00eb Lir\u00eb, protestoi n\u00eb nj\u00eb m\u00ebnyr\u00eb krejt t\u00eb ve\u00e7nat\u00eb, kund\u00ebr ndotjes s\u00eb mjedisit. N\u00eb sheshin q\u00ebndror t\u00eb qytetit t\u00eb Elbasanit, u organizua nj\u00eb ekspozit\u00eb me postera ku ishin stampuar fotografi nga mjedise publike t\u00eb ndotura nga mbetjet urbane t\u00eb hedhura nga qytetar\u00ebt. Gjithashtu u p\u00ebrdor\u00ebn fotografi nga aksionet [&hellip;]","og_url":"https:\/\/fml.al\/index.php\/2018\/06\/06\/mos-ndot-pastro-dhe-denonco-ndotesit\/","og_site_name":"Forumi i Mendimit t\u00eb Lir\u00eb","article_published_time":"2018-06-06T20:25:04+00:00","og_image":[{"width":1280,"height":960,"url":"https:\/\/fml.al\/wp-content\/uploads\/2018\/06\/a2.jpg","type":"image\/jpeg"}],"author":"fml","twitter_card":"summary_large_image","twitter_misc":{"Written by":"fml","Est. reading time":"1 minute"},"schema":{"@context":"https:\/\/schema.org","@graph":[{"@type":"Article","@id":"https:\/\/fml.al\/index.php\/2018\/06\/06\/mos-ndot-pastro-dhe-denonco-ndotesit\/#article","isPartOf":{"@id":"https:\/\/fml.al\/index.php\/2018\/06\/06\/mos-ndot-pastro-dhe-denonco-ndotesit\/"},"author":{"name":"fml","@id":"https:\/\/fml.al\/#\/schema\/person\/a1dd77f6f35c6cdc7974c7312a683446"},"headline":"Mos ndot, pastro dhe denonco ndot\u00ebsit!","datePublished":"2018-06-06T20:25:04+00:00","dateModified":"2018-06-06T20:25:04+00:00","mainEntityOfPage":{"@id":"https:\/\/fml.al\/index.php\/2018\/06\/06\/mos-ndot-pastro-dhe-denonco-ndotesit\/"},"wordCount":199,"commentCount":0,"publisher":{"@id":"https:\/\/fml.al\/#organization"},"image":{"@id":"https:\/\/fml.al\/index.php\/2018\/06\/06\/mos-ndot-pastro-dhe-denonco-ndotesit\/#primaryimage"},"thumbnailUrl":"http:\/\/fml.al\/wp-content\/uploads\/2018\/06\/a2.jpg","articleSection":["Kryesore"],"inLanguage":"en-US","potentialAction":[{"@type":"CommentAction","name":"Comment","target":["https:\/\/fml.al\/index.php\/2018\/06\/06\/mos-ndot-pastro-dhe-denonco-ndotesit\/#respond"]}]},{"@type":"WebPage","@id":"https:\/\/fml.al\/index.php\/2018\/06\/06\/mos-ndot-pastro-dhe-denonco-ndotesit\/","url":"https:\/\/fml.al\/index.php\/2018\/06\/06\/mos-ndot-pastro-dhe-denonco-ndotesit\/","name":"Mos ndot, pastro dhe denonco ndot\u00ebsit! - Forumi i Mendimit t\u00eb Lir\u00eb","isPartOf":{"@id":"https:\/\/fml.al\/#website"},"primaryImageOfPage":{"@id":"https:\/\/fml.al\/index.php\/2018\/06\/06\/mos-ndot-pastro-dhe-denonco-ndotesit\/#primaryimage"},"image":{"@id":"https:\/\/fml.al\/index.php\/2018\/06\/06\/mos-ndot-pastro-dhe-denonco-ndotesit\/#primaryimage"},"thumbnailUrl":"http:\/\/fml.al\/wp-content\/uploads\/2018\/06\/a2.jpg","datePublished":"2018-06-06T20:25:04+00:00","dateModified":"2018-06-06T20:25:04+00:00","breadcrumb":{"@id":"https:\/\/fml.al\/index.php\/2018\/06\/06\/mos-ndot-pastro-dhe-denonco-ndotesit\/#breadcrumb"},"inLanguage":"en-US","potentialAction":[{"@type":"ReadAction","target":["https:\/\/fml.al\/index.php\/2018\/06\/06\/mos-ndot-pastro-dhe-denonco-ndotesit\/"]}]},{"@type":"ImageObject","inLanguage":"en-US","@id":"https:\/\/fml.al\/index.php\/2018\/06\/06\/mos-ndot-pastro-dhe-denonco-ndotesit\/#primaryimage","url":"http:\/\/fml.al\/wp-content\/uploads\/2018\/06\/a2.jpg","contentUrl":"http:\/\/fml.al\/wp-content\/uploads\/2018\/06\/a2.jpg","width":1280,"height":960},{"@type":"BreadcrumbList","@id":"https:\/\/fml.al\/index.php\/2018\/06\/06\/mos-ndot-pastro-dhe-denonco-ndotesit\/#breadcrumb","itemListElement":[{"@type":"ListItem","position":1,"name":"Home","item":"https:\/\/fml.al\/"},{"@type":"ListItem","position":2,"name":"Mos ndot, pastro dhe denonco ndot\u00ebsit!"}]},{"@type":"WebSite","@id":"https:\/\/fml.al\/#website","url":"https:\/\/fml.al\/","name":"Forumi i Mendimit t\u00eb Lir\u00eb","description":"FML.al","publisher":{"@id":"https:\/\/fml.al\/#organization"},"potentialAction":[{"@type":"SearchAction","target":{"@type":"EntryPoint","urlTemplate":"https:\/\/fml.al\/?s={search_term_string}"},"query-input":{"@type":"PropertyValueSpecification","valueRequired":true,"valueName":"search_term_string"}}],"inLanguage":"en-US"},{"@type":"Organization","@id":"https:\/\/fml.al\/#organization","name":"Forumi i Mendimit t\u00eb Lir\u00eb","url":"https:\/\/fml.al\/","logo":{"@type":"ImageObject","inLanguage":"en-US","@id":"https:\/\/fml.al\/#\/schema\/logo\/image\/","url":"https:\/\/fml.al\/wp-content\/uploads\/2015\/07\/fml_Logo.jpg","contentUrl":"https:\/\/fml.al\/wp-content\/uploads\/2015\/07\/fml_Logo.jpg","width":186,"height":200,"caption":"Forumi i Mendimit t\u00eb Lir\u00eb"},"image":{"@id":"https:\/\/fml.al\/#\/schema\/logo\/image\/"}},{"@type":"Person","@id":"https:\/\/fml.al\/#\/schema\/person\/a1dd77f6f35c6cdc7974c7312a683446","name":"fml","image":{"@type":"ImageObject","inLanguage":"en-US","@id":"https:\/\/fml.al\/#\/schema\/person\/image\/","url":"https:\/\/secure.gravatar.com\/avatar\/3c805328282e8905fb7373032ca0c59a?s=96&d=mm&r=g","contentUrl":"https:\/\/secure.gravatar.com\/avatar\/3c805328282e8905fb7373032ca0c59a?s=96&d=mm&r=g","caption":"fml"},"url":"http:\/\/fml.al\/index.php\/author\/fml\/"}]}},"_links":{"self":[{"href":"http:\/\/fml.al\/index.php\/wp-json\/wp\/v2\/posts\/728","targetHints":{"allow":["GET"]}}],"collection":[{"href":"http:\/\/fml.al\/index.php\/wp-json\/wp\/v2\/posts"}],"about":[{"href":"http:\/\/fml.al\/index.php\/wp-json\/wp\/v2\/types\/post"}],"author":[{"embeddable":true,"href":"http:\/\/fml.al\/index.php\/wp-json\/wp\/v2\/users\/2"}],"replies":[{"embeddable":true,"href":"http:\/\/fml.al\/index.php\/wp-json\/wp\/v2\/comments?post=728"}],"version-history":[{"count":1,"href":"http:\/\/fml.al\/index.php\/wp-json\/wp\/v2\/posts\/728\/revisions"}],"predecessor-version":[{"id":730,"href":"http:\/\/fml.al\/index.php\/wp-json\/wp\/v2\/posts\/728\/revisions\/730"}],"wp:featuredmedia":[{"embeddable":true,"href":"http:\/\/fml.al\/index.php\/wp-json\/wp\/v2\/media\/729"}],"wp:attachment":[{"href":"http:\/\/fml.al\/index.php\/wp-json\/wp\/v2\/media?parent=728"}],"wp:term":[{"taxonomy":"category","embeddable":true,"href":"http:\/\/fml.al\/index.php\/wp-json\/wp\/v2\/categories?post=728"},{"taxonomy":"post_tag","embeddable":true,"href":"http:\/\/fml.al\/index.php\/wp-json\/wp\/v2\/tags?post=728"}],"curies":[{"name":"wp","href":"https:\/\/api.w.org\/{rel}","templated":true}]}}