{"id":750,"date":"2018-07-03T11:18:58","date_gmt":"2018-07-03T11:18:58","guid":{"rendered":"http:\/\/fml.al\/?p=750"},"modified":"2018-07-03T11:18:58","modified_gmt":"2018-07-03T11:18:58","slug":"berati-pastrohet-nga-disa-zona-tejet-te-ndotura-nga-mbetjet-urbane","status":"publish","type":"post","link":"http:\/\/fml.al\/index.php\/2018\/07\/03\/berati-pastrohet-nga-disa-zona-tejet-te-ndotura-nga-mbetjet-urbane\/","title":{"rendered":"Berati pastrohet nga disa zona tejet t\u00eb ndotura nga mbetjet urbane"},"content":{"rendered":"<p>Aksioni i radh\u00ebs i Korpusit t\u00eb Vullnetar\u00ebve, n\u00eb bashk\u00ebpunim me kompanin\u00eb TAP, ishte qyteti historik dhe turistik i Beratit. Mbi 250 vullnetar\u00eb, punonj\u00ebs t\u00eb bashkis\u00eb dhe administrat\u00ebs, punuan n\u00eb dy zona shum\u00eb t\u00eb ndotura nga mbetjet e hedhura tu prej koh\u00ebsh nga subjete tregtare dhe familje.<\/p>\n<p>Nd\u00ebrhyrja e par\u00eb u b\u00eb n\u00eb periferi t\u00eb qytetit, n\u00eb breg t\u00eb lumit Osum, ku pirgje mbetjesh urbane ishin depozituar prej koh\u00ebsh aty.<\/p>\n<p><iframe loading=\"lazy\" src=\"https:\/\/www.youtube.com\/embed\/raIG2XvQ1OA?feature=oembed\" width=\"960\" height=\"720\" frameborder=\"0\" allowfullscreen=\"allowfullscreen\"><\/iframe><\/p>\n<p>N\u00eb aksion me vullnetar\u00ebt u bashkuan edhe personeli dhe personat me aft\u00ebsi t\u00eb kufizuara q\u00eb strehohen pran\u00eb qendr\u00ebs sociale \u201cLira\u201d.<\/p>\n<p>M\u00eb pas, aksioni u zhvendos n\u00eb unaz\u00ebn e qytetit ku dy pika q\u00eb p\u00ebrdoren p\u00ebr hedhjen e mbetjeve nga banor\u00ebt e zon\u00ebs ishin shnd\u00ebrruar n\u00eb landfille ilegale.<\/p>\n<p>Mbi 1.000 thas\u00eb me mbetje u mblodhen n\u00eb k\u00ebt\u00eb aksion t\u00eb madh, por vullnetar\u00ebt k\u00ebrkuan nga bashkia marrjen e masave p\u00ebr vendosjen e kazan\u00ebve aty ku nuk ka si dhe nd\u00ebshkimin e subjekteve dhe qytetar\u00ebve q\u00eb hedhin mbetjet n\u00eb zona q\u00eb nuk jan\u00eb t\u00eb miratuara nga bashkia.<\/p>\n<div id=\"gallery-1\" class=\"gallery galleryid-2073 gallery-columns-1 gallery-size-full\">\n<dl class=\"gallery-item\">\n<dt class=\"gallery-icon portrait\"><a href=\"http:\/\/unemonitoroj.com\/vlore\/2018\/07\/03\/berati-pastrohet-nga-disa-zona-tejet-te-ndotura-nga-mbetjet-urbane\/osum\/\"><img loading=\"lazy\" decoding=\"async\" class=\"attachment-full size-full\" src=\"http:\/\/unemonitoroj.com\/vlore\/wp-content\/uploads\/2018\/07\/osum.jpg\" sizes=\"auto, (max-width: 780px) 100vw, 780px\" srcset=\"http:\/\/unemonitoroj.com\/vlore\/wp-content\/uploads\/2018\/07\/osum.jpg 780w, http:\/\/unemonitoroj.com\/vlore\/wp-content\/uploads\/2018\/07\/osum-225x300.jpg 225w, http:\/\/unemonitoroj.com\/vlore\/wp-content\/uploads\/2018\/07\/osum-768x1024.jpg 768w\" alt=\"osum\" width=\"780\" height=\"1040\" \/><\/a><\/dt>\n<\/dl>\n<dl class=\"gallery-item\">\n<dt class=\"gallery-icon portrait\"><a href=\"http:\/\/unemonitoroj.com\/vlore\/2018\/07\/03\/berati-pastrohet-nga-disa-zona-tejet-te-ndotura-nga-mbetjet-urbane\/osum2\/\"><img loading=\"lazy\" decoding=\"async\" class=\"attachment-full size-full\" src=\"http:\/\/unemonitoroj.com\/vlore\/wp-content\/uploads\/2018\/07\/osum2.jpg\" sizes=\"auto, (max-width: 780px) 100vw, 780px\" srcset=\"http:\/\/unemonitoroj.com\/vlore\/wp-content\/uploads\/2018\/07\/osum2.jpg 780w, http:\/\/unemonitoroj.com\/vlore\/wp-content\/uploads\/2018\/07\/osum2-225x300.jpg 225w, http:\/\/unemonitoroj.com\/vlore\/wp-content\/uploads\/2018\/07\/osum2-768x1024.jpg 768w\" alt=\"osum2\" width=\"780\" height=\"1040\" \/><\/a><\/dt>\n<\/dl>\n<dl class=\"gallery-item\">\n<dt class=\"gallery-icon portrait\"><a href=\"http:\/\/unemonitoroj.com\/vlore\/2018\/07\/03\/berati-pastrohet-nga-disa-zona-tejet-te-ndotura-nga-mbetjet-urbane\/osum3\/\"><img loading=\"lazy\" decoding=\"async\" class=\"attachment-full size-full\" src=\"http:\/\/unemonitoroj.com\/vlore\/wp-content\/uploads\/2018\/07\/osum3.jpg\" sizes=\"auto, (max-width: 780px) 100vw, 780px\" srcset=\"http:\/\/unemonitoroj.com\/vlore\/wp-content\/uploads\/2018\/07\/osum3.jpg 780w, http:\/\/unemonitoroj.com\/vlore\/wp-content\/uploads\/2018\/07\/osum3-225x300.jpg 225w, http:\/\/unemonitoroj.com\/vlore\/wp-content\/uploads\/2018\/07\/osum3-768x1024.jpg 768w\" alt=\"osum3\" width=\"780\" height=\"1040\" \/><\/a><\/dt>\n<\/dl>\n<dl class=\"gallery-item\">\n<dt class=\"gallery-icon portrait\"><a href=\"http:\/\/unemonitoroj.com\/vlore\/2018\/07\/03\/berati-pastrohet-nga-disa-zona-tejet-te-ndotura-nga-mbetjet-urbane\/osum4\/\"><img loading=\"lazy\" decoding=\"async\" class=\"attachment-full size-full\" src=\"http:\/\/unemonitoroj.com\/vlore\/wp-content\/uploads\/2018\/07\/osum4.jpg\" sizes=\"auto, (max-width: 780px) 100vw, 780px\" srcset=\"http:\/\/unemonitoroj.com\/vlore\/wp-content\/uploads\/2018\/07\/osum4.jpg 780w, http:\/\/unemonitoroj.com\/vlore\/wp-content\/uploads\/2018\/07\/osum4-225x300.jpg 225w, http:\/\/unemonitoroj.com\/vlore\/wp-content\/uploads\/2018\/07\/osum4-768x1024.jpg 768w\" alt=\"osum4\" width=\"780\" height=\"1040\" \/><\/a><\/dt>\n<\/dl>\n<dl class=\"gallery-item\">\n<dt class=\"gallery-icon portrait\"><a href=\"http:\/\/unemonitoroj.com\/vlore\/2018\/07\/03\/berati-pastrohet-nga-disa-zona-tejet-te-ndotura-nga-mbetjet-urbane\/osum5\/\"><img loading=\"lazy\" decoding=\"async\" class=\"attachment-full size-full\" src=\"http:\/\/unemonitoroj.com\/vlore\/wp-content\/uploads\/2018\/07\/osum5.jpg\" sizes=\"auto, (max-width: 780px) 100vw, 780px\" srcset=\"http:\/\/unemonitoroj.com\/vlore\/wp-content\/uploads\/2018\/07\/osum5.jpg 780w, http:\/\/unemonitoroj.com\/vlore\/wp-content\/uploads\/2018\/07\/osum5-225x300.jpg 225w, http:\/\/unemonitoroj.com\/vlore\/wp-content\/uploads\/2018\/07\/osum5-768x1024.jpg 768w\" alt=\"osum5\" width=\"780\" height=\"1040\" \/><\/a><\/dt>\n<\/dl>\n<dl class=\"gallery-item\">\n<dt class=\"gallery-icon portrait\"><a href=\"http:\/\/unemonitoroj.com\/vlore\/2018\/07\/03\/berati-pastrohet-nga-disa-zona-tejet-te-ndotura-nga-mbetjet-urbane\/osum6\/\"><img loading=\"lazy\" decoding=\"async\" class=\"attachment-full size-full\" src=\"http:\/\/unemonitoroj.com\/vlore\/wp-content\/uploads\/2018\/07\/osum6.jpg\" sizes=\"auto, (max-width: 780px) 100vw, 780px\" srcset=\"http:\/\/unemonitoroj.com\/vlore\/wp-content\/uploads\/2018\/07\/osum6.jpg 780w, http:\/\/unemonitoroj.com\/vlore\/wp-content\/uploads\/2018\/07\/osum6-225x300.jpg 225w, http:\/\/unemonitoroj.com\/vlore\/wp-content\/uploads\/2018\/07\/osum6-768x1024.jpg 768w\" alt=\"osum6\" width=\"780\" height=\"1040\" \/><\/a><\/dt>\n<\/dl>\n<dl class=\"gallery-item\">\n<dt class=\"gallery-icon portrait\"><a href=\"http:\/\/unemonitoroj.com\/vlore\/2018\/07\/03\/berati-pastrohet-nga-disa-zona-tejet-te-ndotura-nga-mbetjet-urbane\/osum7\/\"><img loading=\"lazy\" decoding=\"async\" class=\"attachment-full size-full\" src=\"http:\/\/unemonitoroj.com\/vlore\/wp-content\/uploads\/2018\/07\/osum7.jpg\" sizes=\"auto, (max-width: 780px) 100vw, 780px\" srcset=\"http:\/\/unemonitoroj.com\/vlore\/wp-content\/uploads\/2018\/07\/osum7.jpg 780w, http:\/\/unemonitoroj.com\/vlore\/wp-content\/uploads\/2018\/07\/osum7-225x300.jpg 225w, http:\/\/unemonitoroj.com\/vlore\/wp-content\/uploads\/2018\/07\/osum7-768x1024.jpg 768w\" alt=\"osum7\" width=\"780\" height=\"1040\" \/><\/a><\/dt>\n<\/dl>\n<\/div>\n<div id=\"fb_share_1\" style=\"float: right; margin-left: 10px;\"><a name=\"fb_share\" type=\"box_count\" share_url=\"http:\/\/fml.al\/index.php\/2018\/07\/03\/berati-pastrohet-nga-disa-zona-tejet-te-ndotura-nga-mbetjet-urbane\/\" href=\"http:\/\/www.facebook.com\/sharer.php\">Share<\/a><\/div><div><script src=\"http:\/\/static.ak.fbcdn.net\/connect.php\/js\/FB.Share\" type=\"text\/javascript\"><\/script><\/div>","protected":false},"excerpt":{"rendered":"<p>Aksioni i radh\u00ebs i Korpusit t\u00eb Vullnetar\u00ebve, n\u00eb bashk\u00ebpunim me kompanin\u00eb TAP, ishte qyteti historik dhe turistik i Beratit. Mbi 250 vullnetar\u00eb, punonj\u00ebs t\u00eb bashkis\u00eb dhe administrat\u00ebs, punuan n\u00eb dy zona shum\u00eb t\u00eb ndotura nga mbetjet e hedhura tu prej koh\u00ebsh nga subjete tregtare dhe familje. Nd\u00ebrhyrja e par\u00eb u b\u00eb n\u00eb periferi t\u00eb qytetit, [&hellip;]<\/p>\n","protected":false},"author":2,"featured_media":751,"comment_status":"open","ping_status":"open","sticky":false,"template":"","format":"standard","meta":{"footnotes":""},"categories":[1],"tags":[],"class_list":["post-750","post","type-post","status-publish","format-standard","has-post-thumbnail","hentry","category-kryesore"],"yoast_head":"<!-- This site is optimized with the Yoast SEO plugin v23.8 - https:\/\/yoast.com\/wordpress\/plugins\/seo\/ -->\n<title>Berati pastrohet nga disa zona tejet t\u00eb ndotura nga mbetjet urbane - Forumi i Mendimit t\u00eb Lir\u00eb<\/title>\n<meta name=\"robots\" content=\"index, follow, max-snippet:-1, max-image-preview:large, max-video-preview:-1\" \/>\n<link rel=\"canonical\" href=\"http:\/\/fml.al\/index.php\/2018\/07\/03\/berati-pastrohet-nga-disa-zona-tejet-te-ndotura-nga-mbetjet-urbane\/\" \/>\n<meta property=\"og:locale\" content=\"en_US\" \/>\n<meta property=\"og:type\" content=\"article\" \/>\n<meta property=\"og:title\" content=\"Berati pastrohet nga disa zona tejet t\u00eb ndotura nga mbetjet urbane - Forumi i Mendimit t\u00eb Lir\u00eb\" \/>\n<meta property=\"og:description\" content=\"Aksioni i radh\u00ebs i Korpusit t\u00eb Vullnetar\u00ebve, n\u00eb bashk\u00ebpunim me kompanin\u00eb TAP, ishte qyteti historik dhe turistik i Beratit. Mbi 250 vullnetar\u00eb, punonj\u00ebs t\u00eb bashkis\u00eb dhe administrat\u00ebs, punuan n\u00eb dy zona shum\u00eb t\u00eb ndotura nga mbetjet e hedhura tu prej koh\u00ebsh nga subjete tregtare dhe familje. Nd\u00ebrhyrja e par\u00eb u b\u00eb n\u00eb periferi t\u00eb qytetit, [&hellip;]\" \/>\n<meta property=\"og:url\" content=\"http:\/\/fml.al\/index.php\/2018\/07\/03\/berati-pastrohet-nga-disa-zona-tejet-te-ndotura-nga-mbetjet-urbane\/\" \/>\n<meta property=\"og:site_name\" content=\"Forumi i Mendimit t\u00eb Lir\u00eb\" \/>\n<meta property=\"article:published_time\" content=\"2018-07-03T11:18:58+00:00\" \/>\n<meta property=\"og:image\" content=\"http:\/\/fml.al\/wp-content\/uploads\/2018\/07\/osum.jpg\" \/>\n\t<meta property=\"og:image:width\" content=\"780\" \/>\n\t<meta property=\"og:image:height\" content=\"1040\" \/>\n\t<meta property=\"og:image:type\" content=\"image\/jpeg\" \/>\n<meta name=\"author\" content=\"fml\" \/>\n<meta name=\"twitter:card\" content=\"summary_large_image\" \/>\n<meta name=\"twitter:label1\" content=\"Written by\" \/>\n\t<meta name=\"twitter:data1\" content=\"fml\" \/>\n\t<meta name=\"twitter:label2\" content=\"Est. reading time\" \/>\n\t<meta name=\"twitter:data2\" content=\"1 minute\" \/>\n<script type=\"application\/ld+json\" class=\"yoast-schema-graph\">{\"@context\":\"https:\/\/schema.org\",\"@graph\":[{\"@type\":\"Article\",\"@id\":\"http:\/\/fml.al\/index.php\/2018\/07\/03\/berati-pastrohet-nga-disa-zona-tejet-te-ndotura-nga-mbetjet-urbane\/#article\",\"isPartOf\":{\"@id\":\"http:\/\/fml.al\/index.php\/2018\/07\/03\/berati-pastrohet-nga-disa-zona-tejet-te-ndotura-nga-mbetjet-urbane\/\"},\"author\":{\"name\":\"fml\",\"@id\":\"http:\/\/fml.al\/#\/schema\/person\/a1dd77f6f35c6cdc7974c7312a683446\"},\"headline\":\"Berati pastrohet nga disa zona tejet t\u00eb ndotura nga mbetjet urbane\",\"datePublished\":\"2018-07-03T11:18:58+00:00\",\"dateModified\":\"2018-07-03T11:18:58+00:00\",\"mainEntityOfPage\":{\"@id\":\"http:\/\/fml.al\/index.php\/2018\/07\/03\/berati-pastrohet-nga-disa-zona-tejet-te-ndotura-nga-mbetjet-urbane\/\"},\"wordCount\":196,\"commentCount\":0,\"publisher\":{\"@id\":\"http:\/\/fml.al\/#organization\"},\"image\":{\"@id\":\"http:\/\/fml.al\/index.php\/2018\/07\/03\/berati-pastrohet-nga-disa-zona-tejet-te-ndotura-nga-mbetjet-urbane\/#primaryimage\"},\"thumbnailUrl\":\"http:\/\/fml.al\/wp-content\/uploads\/2018\/07\/osum.jpg\",\"articleSection\":[\"Kryesore\"],\"inLanguage\":\"en-US\",\"potentialAction\":[{\"@type\":\"CommentAction\",\"name\":\"Comment\",\"target\":[\"http:\/\/fml.al\/index.php\/2018\/07\/03\/berati-pastrohet-nga-disa-zona-tejet-te-ndotura-nga-mbetjet-urbane\/#respond\"]}]},{\"@type\":\"WebPage\",\"@id\":\"http:\/\/fml.al\/index.php\/2018\/07\/03\/berati-pastrohet-nga-disa-zona-tejet-te-ndotura-nga-mbetjet-urbane\/\",\"url\":\"http:\/\/fml.al\/index.php\/2018\/07\/03\/berati-pastrohet-nga-disa-zona-tejet-te-ndotura-nga-mbetjet-urbane\/\",\"name\":\"Berati pastrohet nga disa zona tejet t\u00eb ndotura nga mbetjet urbane - Forumi i Mendimit t\u00eb Lir\u00eb\",\"isPartOf\":{\"@id\":\"http:\/\/fml.al\/#website\"},\"primaryImageOfPage\":{\"@id\":\"http:\/\/fml.al\/index.php\/2018\/07\/03\/berati-pastrohet-nga-disa-zona-tejet-te-ndotura-nga-mbetjet-urbane\/#primaryimage\"},\"image\":{\"@id\":\"http:\/\/fml.al\/index.php\/2018\/07\/03\/berati-pastrohet-nga-disa-zona-tejet-te-ndotura-nga-mbetjet-urbane\/#primaryimage\"},\"thumbnailUrl\":\"http:\/\/fml.al\/wp-content\/uploads\/2018\/07\/osum.jpg\",\"datePublished\":\"2018-07-03T11:18:58+00:00\",\"dateModified\":\"2018-07-03T11:18:58+00:00\",\"breadcrumb\":{\"@id\":\"http:\/\/fml.al\/index.php\/2018\/07\/03\/berati-pastrohet-nga-disa-zona-tejet-te-ndotura-nga-mbetjet-urbane\/#breadcrumb\"},\"inLanguage\":\"en-US\",\"potentialAction\":[{\"@type\":\"ReadAction\",\"target\":[\"http:\/\/fml.al\/index.php\/2018\/07\/03\/berati-pastrohet-nga-disa-zona-tejet-te-ndotura-nga-mbetjet-urbane\/\"]}]},{\"@type\":\"ImageObject\",\"inLanguage\":\"en-US\",\"@id\":\"http:\/\/fml.al\/index.php\/2018\/07\/03\/berati-pastrohet-nga-disa-zona-tejet-te-ndotura-nga-mbetjet-urbane\/#primaryimage\",\"url\":\"http:\/\/fml.al\/wp-content\/uploads\/2018\/07\/osum.jpg\",\"contentUrl\":\"http:\/\/fml.al\/wp-content\/uploads\/2018\/07\/osum.jpg\",\"width\":780,\"height\":1040},{\"@type\":\"BreadcrumbList\",\"@id\":\"http:\/\/fml.al\/index.php\/2018\/07\/03\/berati-pastrohet-nga-disa-zona-tejet-te-ndotura-nga-mbetjet-urbane\/#breadcrumb\",\"itemListElement\":[{\"@type\":\"ListItem\",\"position\":1,\"name\":\"Home\",\"item\":\"http:\/\/fml.al\/\"},{\"@type\":\"ListItem\",\"position\":2,\"name\":\"Berati pastrohet nga disa zona tejet t\u00eb ndotura nga mbetjet urbane\"}]},{\"@type\":\"WebSite\",\"@id\":\"http:\/\/fml.al\/#website\",\"url\":\"http:\/\/fml.al\/\",\"name\":\"Forumi i Mendimit t\u00eb Lir\u00eb\",\"description\":\"FML.al\",\"publisher\":{\"@id\":\"http:\/\/fml.al\/#organization\"},\"potentialAction\":[{\"@type\":\"SearchAction\",\"target\":{\"@type\":\"EntryPoint\",\"urlTemplate\":\"http:\/\/fml.al\/?s={search_term_string}\"},\"query-input\":{\"@type\":\"PropertyValueSpecification\",\"valueRequired\":true,\"valueName\":\"search_term_string\"}}],\"inLanguage\":\"en-US\"},{\"@type\":\"Organization\",\"@id\":\"http:\/\/fml.al\/#organization\",\"name\":\"Forumi i Mendimit t\u00eb Lir\u00eb\",\"url\":\"http:\/\/fml.al\/\",\"logo\":{\"@type\":\"ImageObject\",\"inLanguage\":\"en-US\",\"@id\":\"http:\/\/fml.al\/#\/schema\/logo\/image\/\",\"url\":\"https:\/\/fml.al\/wp-content\/uploads\/2015\/07\/fml_Logo.jpg\",\"contentUrl\":\"https:\/\/fml.al\/wp-content\/uploads\/2015\/07\/fml_Logo.jpg\",\"width\":186,\"height\":200,\"caption\":\"Forumi i Mendimit t\u00eb Lir\u00eb\"},\"image\":{\"@id\":\"http:\/\/fml.al\/#\/schema\/logo\/image\/\"}},{\"@type\":\"Person\",\"@id\":\"http:\/\/fml.al\/#\/schema\/person\/a1dd77f6f35c6cdc7974c7312a683446\",\"name\":\"fml\",\"image\":{\"@type\":\"ImageObject\",\"inLanguage\":\"en-US\",\"@id\":\"http:\/\/fml.al\/#\/schema\/person\/image\/\",\"url\":\"https:\/\/secure.gravatar.com\/avatar\/3c805328282e8905fb7373032ca0c59a?s=96&d=mm&r=g\",\"contentUrl\":\"https:\/\/secure.gravatar.com\/avatar\/3c805328282e8905fb7373032ca0c59a?s=96&d=mm&r=g\",\"caption\":\"fml\"},\"url\":\"http:\/\/fml.al\/index.php\/author\/fml\/\"}]}<\/script>\n<!-- \/ Yoast SEO plugin. -->","yoast_head_json":{"title":"Berati pastrohet nga disa zona tejet t\u00eb ndotura nga mbetjet urbane - Forumi i Mendimit t\u00eb Lir\u00eb","robots":{"index":"index","follow":"follow","max-snippet":"max-snippet:-1","max-image-preview":"max-image-preview:large","max-video-preview":"max-video-preview:-1"},"canonical":"http:\/\/fml.al\/index.php\/2018\/07\/03\/berati-pastrohet-nga-disa-zona-tejet-te-ndotura-nga-mbetjet-urbane\/","og_locale":"en_US","og_type":"article","og_title":"Berati pastrohet nga disa zona tejet t\u00eb ndotura nga mbetjet urbane - Forumi i Mendimit t\u00eb Lir\u00eb","og_description":"Aksioni i radh\u00ebs i Korpusit t\u00eb Vullnetar\u00ebve, n\u00eb bashk\u00ebpunim me kompanin\u00eb TAP, ishte qyteti historik dhe turistik i Beratit. Mbi 250 vullnetar\u00eb, punonj\u00ebs t\u00eb bashkis\u00eb dhe administrat\u00ebs, punuan n\u00eb dy zona shum\u00eb t\u00eb ndotura nga mbetjet e hedhura tu prej koh\u00ebsh nga subjete tregtare dhe familje. Nd\u00ebrhyrja e par\u00eb u b\u00eb n\u00eb periferi t\u00eb qytetit, [&hellip;]","og_url":"http:\/\/fml.al\/index.php\/2018\/07\/03\/berati-pastrohet-nga-disa-zona-tejet-te-ndotura-nga-mbetjet-urbane\/","og_site_name":"Forumi i Mendimit t\u00eb Lir\u00eb","article_published_time":"2018-07-03T11:18:58+00:00","og_image":[{"width":780,"height":1040,"url":"http:\/\/fml.al\/wp-content\/uploads\/2018\/07\/osum.jpg","type":"image\/jpeg"}],"author":"fml","twitter_card":"summary_large_image","twitter_misc":{"Written by":"fml","Est. reading time":"1 minute"},"schema":{"@context":"https:\/\/schema.org","@graph":[{"@type":"Article","@id":"http:\/\/fml.al\/index.php\/2018\/07\/03\/berati-pastrohet-nga-disa-zona-tejet-te-ndotura-nga-mbetjet-urbane\/#article","isPartOf":{"@id":"http:\/\/fml.al\/index.php\/2018\/07\/03\/berati-pastrohet-nga-disa-zona-tejet-te-ndotura-nga-mbetjet-urbane\/"},"author":{"name":"fml","@id":"http:\/\/fml.al\/#\/schema\/person\/a1dd77f6f35c6cdc7974c7312a683446"},"headline":"Berati pastrohet nga disa zona tejet t\u00eb ndotura nga mbetjet urbane","datePublished":"2018-07-03T11:18:58+00:00","dateModified":"2018-07-03T11:18:58+00:00","mainEntityOfPage":{"@id":"http:\/\/fml.al\/index.php\/2018\/07\/03\/berati-pastrohet-nga-disa-zona-tejet-te-ndotura-nga-mbetjet-urbane\/"},"wordCount":196,"commentCount":0,"publisher":{"@id":"http:\/\/fml.al\/#organization"},"image":{"@id":"http:\/\/fml.al\/index.php\/2018\/07\/03\/berati-pastrohet-nga-disa-zona-tejet-te-ndotura-nga-mbetjet-urbane\/#primaryimage"},"thumbnailUrl":"http:\/\/fml.al\/wp-content\/uploads\/2018\/07\/osum.jpg","articleSection":["Kryesore"],"inLanguage":"en-US","potentialAction":[{"@type":"CommentAction","name":"Comment","target":["http:\/\/fml.al\/index.php\/2018\/07\/03\/berati-pastrohet-nga-disa-zona-tejet-te-ndotura-nga-mbetjet-urbane\/#respond"]}]},{"@type":"WebPage","@id":"http:\/\/fml.al\/index.php\/2018\/07\/03\/berati-pastrohet-nga-disa-zona-tejet-te-ndotura-nga-mbetjet-urbane\/","url":"http:\/\/fml.al\/index.php\/2018\/07\/03\/berati-pastrohet-nga-disa-zona-tejet-te-ndotura-nga-mbetjet-urbane\/","name":"Berati pastrohet nga disa zona tejet t\u00eb ndotura nga mbetjet urbane - Forumi i Mendimit t\u00eb Lir\u00eb","isPartOf":{"@id":"http:\/\/fml.al\/#website"},"primaryImageOfPage":{"@id":"http:\/\/fml.al\/index.php\/2018\/07\/03\/berati-pastrohet-nga-disa-zona-tejet-te-ndotura-nga-mbetjet-urbane\/#primaryimage"},"image":{"@id":"http:\/\/fml.al\/index.php\/2018\/07\/03\/berati-pastrohet-nga-disa-zona-tejet-te-ndotura-nga-mbetjet-urbane\/#primaryimage"},"thumbnailUrl":"http:\/\/fml.al\/wp-content\/uploads\/2018\/07\/osum.jpg","datePublished":"2018-07-03T11:18:58+00:00","dateModified":"2018-07-03T11:18:58+00:00","breadcrumb":{"@id":"http:\/\/fml.al\/index.php\/2018\/07\/03\/berati-pastrohet-nga-disa-zona-tejet-te-ndotura-nga-mbetjet-urbane\/#breadcrumb"},"inLanguage":"en-US","potentialAction":[{"@type":"ReadAction","target":["http:\/\/fml.al\/index.php\/2018\/07\/03\/berati-pastrohet-nga-disa-zona-tejet-te-ndotura-nga-mbetjet-urbane\/"]}]},{"@type":"ImageObject","inLanguage":"en-US","@id":"http:\/\/fml.al\/index.php\/2018\/07\/03\/berati-pastrohet-nga-disa-zona-tejet-te-ndotura-nga-mbetjet-urbane\/#primaryimage","url":"http:\/\/fml.al\/wp-content\/uploads\/2018\/07\/osum.jpg","contentUrl":"http:\/\/fml.al\/wp-content\/uploads\/2018\/07\/osum.jpg","width":780,"height":1040},{"@type":"BreadcrumbList","@id":"http:\/\/fml.al\/index.php\/2018\/07\/03\/berati-pastrohet-nga-disa-zona-tejet-te-ndotura-nga-mbetjet-urbane\/#breadcrumb","itemListElement":[{"@type":"ListItem","position":1,"name":"Home","item":"http:\/\/fml.al\/"},{"@type":"ListItem","position":2,"name":"Berati pastrohet nga disa zona tejet t\u00eb ndotura nga mbetjet urbane"}]},{"@type":"WebSite","@id":"http:\/\/fml.al\/#website","url":"http:\/\/fml.al\/","name":"Forumi i Mendimit t\u00eb Lir\u00eb","description":"FML.al","publisher":{"@id":"http:\/\/fml.al\/#organization"},"potentialAction":[{"@type":"SearchAction","target":{"@type":"EntryPoint","urlTemplate":"http:\/\/fml.al\/?s={search_term_string}"},"query-input":{"@type":"PropertyValueSpecification","valueRequired":true,"valueName":"search_term_string"}}],"inLanguage":"en-US"},{"@type":"Organization","@id":"http:\/\/fml.al\/#organization","name":"Forumi i Mendimit t\u00eb Lir\u00eb","url":"http:\/\/fml.al\/","logo":{"@type":"ImageObject","inLanguage":"en-US","@id":"http:\/\/fml.al\/#\/schema\/logo\/image\/","url":"https:\/\/fml.al\/wp-content\/uploads\/2015\/07\/fml_Logo.jpg","contentUrl":"https:\/\/fml.al\/wp-content\/uploads\/2015\/07\/fml_Logo.jpg","width":186,"height":200,"caption":"Forumi i Mendimit t\u00eb Lir\u00eb"},"image":{"@id":"http:\/\/fml.al\/#\/schema\/logo\/image\/"}},{"@type":"Person","@id":"http:\/\/fml.al\/#\/schema\/person\/a1dd77f6f35c6cdc7974c7312a683446","name":"fml","image":{"@type":"ImageObject","inLanguage":"en-US","@id":"http:\/\/fml.al\/#\/schema\/person\/image\/","url":"https:\/\/secure.gravatar.com\/avatar\/3c805328282e8905fb7373032ca0c59a?s=96&d=mm&r=g","contentUrl":"https:\/\/secure.gravatar.com\/avatar\/3c805328282e8905fb7373032ca0c59a?s=96&d=mm&r=g","caption":"fml"},"url":"http:\/\/fml.al\/index.php\/author\/fml\/"}]}},"_links":{"self":[{"href":"http:\/\/fml.al\/index.php\/wp-json\/wp\/v2\/posts\/750","targetHints":{"allow":["GET"]}}],"collection":[{"href":"http:\/\/fml.al\/index.php\/wp-json\/wp\/v2\/posts"}],"about":[{"href":"http:\/\/fml.al\/index.php\/wp-json\/wp\/v2\/types\/post"}],"author":[{"embeddable":true,"href":"http:\/\/fml.al\/index.php\/wp-json\/wp\/v2\/users\/2"}],"replies":[{"embeddable":true,"href":"http:\/\/fml.al\/index.php\/wp-json\/wp\/v2\/comments?post=750"}],"version-history":[{"count":1,"href":"http:\/\/fml.al\/index.php\/wp-json\/wp\/v2\/posts\/750\/revisions"}],"predecessor-version":[{"id":752,"href":"http:\/\/fml.al\/index.php\/wp-json\/wp\/v2\/posts\/750\/revisions\/752"}],"wp:featuredmedia":[{"embeddable":true,"href":"http:\/\/fml.al\/index.php\/wp-json\/wp\/v2\/media\/751"}],"wp:attachment":[{"href":"http:\/\/fml.al\/index.php\/wp-json\/wp\/v2\/media?parent=750"}],"wp:term":[{"taxonomy":"category","embeddable":true,"href":"http:\/\/fml.al\/index.php\/wp-json\/wp\/v2\/categories?post=750"},{"taxonomy":"post_tag","embeddable":true,"href":"http:\/\/fml.al\/index.php\/wp-json\/wp\/v2\/tags?post=750"}],"curies":[{"name":"wp","href":"https:\/\/api.w.org\/{rel}","templated":true}]}}