{"id":757,"date":"2018-07-19T18:14:25","date_gmt":"2018-07-19T18:14:25","guid":{"rendered":"http:\/\/fml.al\/?p=757"},"modified":"2018-07-19T18:21:31","modified_gmt":"2018-07-19T18:21:31","slug":"mat-nis-rihapja-e-kanaleve-ne-lagjen-almetaj","status":"publish","type":"post","link":"http:\/\/fml.al\/index.php\/2018\/07\/19\/mat-nis-rihapja-e-kanaleve-ne-lagjen-almetaj\/","title":{"rendered":"Pas reagimit t\u00eb banor\u00ebve, nis rihapja e kanaleve n\u00eb lagjen \u201cAlmetaj\u201d n\u00eb Mat (video)"},"content":{"rendered":"<p>Prej m\u00eb shum\u00eb se 25 vitesh banor\u00ebt e fshatit \u201cAlmetaj\u201d n\u00eb nj\u00ebsin\u00eb administrative Komsi n\u00eb Bashkin\u00eb e Matit ankoheshin p\u00ebr ndotjen nga uj\u00ebrat e zeza t\u00eb qytetit t\u00eb Burrelit dhe p\u00ebrmbytjen e disa hektar\u00ebve tok\u00eb bujq\u00ebsore.<\/p>\n<p>Por vet\u00ebm pas kaq vitesh, ka nisur nj\u00eb nd\u00ebrhyrje e cila do t\u00eb rib\u00ebj\u00eb funksional\u00eb t\u00eb gjith\u00eb kanalet kullues t\u00eb k\u00ebsaj zone p\u00ebr t\u00eb shmangur \u00e7do p\u00ebrmbytje t\u00eb mundshme. Mjetet e Bashkis\u00eb s\u00eb Matit kan\u00eb nisur pun\u00ebn p\u00ebr hapjen e kanaleve n\u00eb an\u00ebn jugore t\u00eb fshatit e do t\u00eb vazhdojn\u00eb pun\u00ebn deri n\u00eb af\u00ebrsi t\u00eb ur\u00ebs s\u00eb Matit.<\/p>\n<p><strong>PER VIDEON KLIKONI: <a href=\"https:\/\/www.facebook.com\/unemonitoroj\/videos\/1060014154156110\/\">KETU<\/a><\/strong><\/p>\n<p>Nj\u00ebri prej banor\u00ebve t\u00eb k\u00ebsaj lagjeje, Maksim Sadiku tha se me rihapjen e kanaleve kullues t\u00eb uj\u00ebrave t\u00eb zeza dhe atyre t\u00eb shiut, e gjith\u00eb fusha do t\u00eb rikthehet n\u00eb normalitet e pa ndotje.<\/p>\n<p>\u201cU b\u00eb e mundur pas 25 vitesh rihapja e kanaleve p\u00ebr kalimin e uj\u00ebrave t\u00eb zeza. K\u00ebshtu shkaktohej nj\u00eb ndotje e madhe e mjedisit. Ishte nj\u00eb katastrof\u00eb e v\u00ebrtet\u00eb. Pavar\u00ebsisht neve q\u00eb nuk biejm\u00eb dakord duke mos k\u00ebrkuar t\u00eb na preket toka. Kjo ka b\u00ebr\u00eb q\u00eb bashkia t\u00eb jet\u00eb n\u00eb hall me neve, t\u00eb jemi realist. Un\u00eb falenderoj Bashkin\u00eb e Matit, Kryetarin e saj Nezir Rizvani si dhe juve si nd\u00ebrmjet\u00ebs q\u00eb po na zgjidhni k\u00ebt\u00eb problem shum\u00eb shqet\u00ebsues p\u00ebr neve. P\u00ebrfundimisht k\u00ebtu shp\u00ebtohen mbi 20 ha tok\u00eb bujq\u00ebsore nga \u00e7do lloj ndotjeje. Po b\u00ebhet nj\u00eb pun\u00eb e madhe jo vet\u00ebm p\u00ebr mua, por p\u00ebr gjith\u00eb komunitetin e k\u00ebsaj zone\u201d \u2013 tha Sadiku.<\/p>\n<p>Banor\u00ebt kishin k\u00ebrkuar prej vitesh q\u00eb t\u00eb nd\u00ebrhyhej n\u00eb rihapjen e kanaleve kullues n\u00eb lagjen \u201cAlmetaj\u201d, pasi ve\u00e7 p\u00ebrmbytjeve q\u00eb iu shkaktoheshin nga shirat, disa hektar tok\u00eb ndoteshin nga uj\u00ebrat e zeza t\u00eb qytetit t\u00eb Burrelit.<\/p>\n<p>Gazetar: Dritan Kurti<\/p>\n<p>*******<\/p>\n<p><strong>Prill 2018<\/strong><\/p>\n<h2 class=\"post-title\">Burrel, reagojn\u00eb banor\u00ebt q\u00eb jetojn\u00eb mes uj\u00ebrave t\u00eb zeza (foto\/video)<\/h2>\n<p>Banor\u00ebt e fshatit Almetaj, n\u00eb nj\u00ebsin\u00eb administrative Komsi, n\u00eb bashkin\u00eb Mat, vet\u00ebm nj\u00eb rrug\u00eb i ndan nga qyteti. Por ndryshe nga qyteti i Burrelit, q\u00eb flladitet nga nj\u00eb aj\u00ebr i past\u00ebr gjat\u00eb gjith\u00eb stin\u00ebve, k\u00ebta banor\u00eb jetojn\u00eb mes ndotjes. Uj\u00ebrat e zeza t\u00eb qytetit derdhen pik\u00ebrisht n\u00eb rrug\u00ebn e tyre. Kanalet k\u00ebtu e mbarojn\u00eb misionin e tyre dhe shkarkohen n\u00eb hap\u00ebsir\u00eb, p\u00ebr tu derdhur n\u00eb nj\u00eb p\u00ebrrua i cili p\u00ebrshkon m\u00eb tej fushat e fshatrave, duke shkaktuar problem t\u00eb m\u00ebdha me ndotjen e k\u00ebtyre zonave.<\/p>\n<p><strong>PER VIDEO KLIKONI:\u00a0<a href=\"https:\/\/www.facebook.com\/unemonitoroj\/videos\/981448072012719\/\">KETU<\/a><\/strong><\/p>\n<p>N\u00eb kuad\u00ebr t\u00eb projektit\u00a0<strong><em>\u201cAdvokimi dhe nxitja e qytetar\u00ebve dhe medias, p\u00ebr t\u00eb marr\u00eb pjes\u00eb n\u00eb qeverisjen vendore dhe llogaridh\u00ebnien e saj, p\u00ebr t\u00eb ushtruar presion n\u00eb realizimin e premtimeve elektorale\u201d<\/em><\/strong>, organizata Forumi i Mendimit t\u00eb Lir\u00eb, me mb\u00ebshtetjen e L\u00ebviz Albania, ka organizuar nj\u00eb takim me banor\u00ebt e k\u00ebtij fshati, p\u00ebr t\u00eb advokuar reagimin e tyre qytetar.<\/p>\n<p><strong>PER VIDEO KLIKONI:\u00a0<a href=\"https:\/\/www.facebook.com\/unemonitoroj\/videos\/981448355346024\/\">KETU<\/a><\/strong><\/p>\n<p>Banor\u00ebt than\u00eb se gjat\u00eb ver\u00ebs, aroma e r\u00ebnd\u00eb e uj\u00ebrave t\u00eb zeza e b\u00ebn t\u00eb pamundur jetes\u00ebn n\u00eb sht\u00ebpit\u00eb e tyre. Por m\u00eb e keqja, \u00ebsht\u00eb se k\u00ebto uj\u00ebra, gjat\u00eb ver\u00ebs p\u00ebrdoren edhe p\u00ebr vaditjen e tokave nga banor\u00ebt q\u00eb jetojn\u00eb pran\u00eb p\u00ebrroit, e sidomos, p\u00ebrdoren nga bag\u00ebtit\u00eb p\u00ebr tu pir\u00eb, gj\u00eb q\u00eb sipas tyre b\u00ebn t\u00eb rreziksh\u00ebm edhe qum\u00ebshtin e bag\u00ebtive.<\/p>\n<p><strong>PER VIDEO KLIKONI:\u00a0<a href=\"https:\/\/www.facebook.com\/unemonitoroj\/videos\/981437158680477\/?__xts__[0]=33.%7B%22logging_data%22%3A%7B%22page_id%22%3A619062321584631%2C%22event_type%22%3A%22clicked_all_page_posts%22%2C%22impression_info%22%3A%22eyJmIjp7InBhZ2VfaWQiOiI2MTkwNjIzMjE1ODQ2MzEiLCJpdGVtX2NvdW50IjoiMCJ9fQ%22%2C%22surface%22%3A%22www_pages_home%22%2C%22interacted_story_type%22%3A%22565413710334575%22%2C%22session_id%22%3A%220c924778841651764bc7c61ab94af16a%22%7D%7D\">KETU<\/a><\/strong><\/p>\n<p>Ata deklaruan gjat\u00eb takimit me drejtues t\u00eb projektit se i jan\u00eb drejtuar shum\u00eb her\u00eb bashkis\u00eb por nuk kan\u00eb marr\u00eb nj\u00eb p\u00ebrgjigje p\u00ebr problemin q\u00eb kan\u00eb. Madje sipas tyre, edhe tubacionet q\u00eb ishin sjell\u00eb p\u00ebr t\u00eb nd\u00ebrtuar rrjetimin e kanaleve t\u00eb zeza, u mor\u00ebn s\u00ebrish nga persona q\u00eb nuk dihet.<\/p>\n<p><strong>PER VIDEO KLIKONI:<a href=\"https:\/\/www.facebook.com\/unemonitoroj\/videos\/981437392013787\/?__xts__[0]=33.%7B%22logging_data%22%3A%7B%22page_id%22%3A619062321584631%2C%22event_type%22%3A%22clicked_all_page_posts%22%2C%22impression_info%22%3A%22eyJmIjp7InBhZ2VfaWQiOiI2MTkwNjIzMjE1ODQ2MzEiLCJpdGVtX2NvdW50IjoiMCJ9fQ%22%2C%22surface%22%3A%22www_pages_home%22%2C%22interacted_story_type%22%3A%22565413710334575%22%2C%22session_id%22%3A%220c924778841651764bc7c61ab94af16a%22%7D%7D\">\u00a0KETU<\/a><\/strong><\/p>\n<p>Banor\u00ebt jan\u00eb angazhuar tashm\u00eb n\u00eb realizimin e nj\u00eb peticioni, drejtuar bashkis\u00eb dhe qeveris\u00eb q\u00ebndrore, duke k\u00ebrkuar zgjidhjen e k\u00ebtij problemi madhor p\u00ebr jet\u00ebs\u00ebn e tyre. Sipas tyre, ky \u00ebsht\u00eb hapi i par\u00eb i nj\u00eb reagimi m\u00eb t\u00eb fort\u00eb e t\u00eb p\u00ebrbashk\u00ebt t\u00eb gjith\u00eb banor\u00ebve.<\/p>\n<p><strong>PER VIDEO KLIKONI:\u00a0<a href=\"https:\/\/www.facebook.com\/unemonitoroj\/videos\/981437692013757\/?__xts__[0]=33.%7B%22logging_data%22%3A%7B%22page_id%22%3A619062321584631%2C%22event_type%22%3A%22clicked_all_page_posts%22%2C%22impression_info%22%3A%22eyJmIjp7InBhZ2VfaWQiOiI2MTkwNjIzMjE1ODQ2MzEiLCJpdGVtX2NvdW50IjoiMCJ9fQ%22%2C%22surface%22%3A%22www_pages_home%22%2C%22interacted_story_type%22%3A%22565413710334575%22%2C%22session_id%22%3A%220c924778841651764bc7c61ab94af16a%22%7D%7D\">KETU<\/a><\/strong><\/p>\n<p><strong>PER VIDEO KLIKONI:\u00a0<a href=\"https:\/\/www.facebook.com\/unemonitoroj\/videos\/981448072012719\/?__xts__[0]=33.%7B%22logging_data%22%3A%7B%22page_id%22%3A619062321584631%2C%22event_type%22%3A%22clicked_all_page_posts%22%2C%22impression_info%22%3A%22eyJmIjp7InBhZ2VfaWQiOiI2MTkwNjIzMjE1ODQ2MzEiLCJpdGVtX2NvdW50IjoiMCJ9fQ%22%2C%22surface%22%3A%22www_pages_home%22%2C%22interacted_story_type%22%3A%22565413710334575%22%2C%22session_id%22%3A%220c924778841651764bc7c61ab94af16a%22%7D%7D\">KETU<\/a><\/strong><\/p>\n<div id=\"gallery-1\" class=\"gallery galleryid-1522 gallery-columns-1 gallery-size-full\">\n<dl class=\"gallery-item\">\n<dt class=\"gallery-icon landscape\"><a href=\"http:\/\/unemonitoroj.com\/lezhe\/2018\/04\/16\/burrel-reagojne-banoret-qe-jetojne-mes-ujerave-te-zeza\/burel6\/\"><img loading=\"lazy\" decoding=\"async\" class=\"attachment-full size-full\" src=\"http:\/\/unemonitoroj.com\/lezhe\/wp-content\/uploads\/2018\/04\/burel6.jpg\" sizes=\"auto, (max-width: 1280px) 100vw, 1280px\" srcset=\"http:\/\/unemonitoroj.com\/lezhe\/wp-content\/uploads\/2018\/04\/burel6.jpg 1280w, http:\/\/unemonitoroj.com\/lezhe\/wp-content\/uploads\/2018\/04\/burel6-300x169.jpg 300w, http:\/\/unemonitoroj.com\/lezhe\/wp-content\/uploads\/2018\/04\/burel6-768x432.jpg 768w, http:\/\/unemonitoroj.com\/lezhe\/wp-content\/uploads\/2018\/04\/burel6-1024x576.jpg 1024w\" alt=\"burel6\" width=\"1280\" height=\"720\" \/><\/a><\/dt>\n<\/dl>\n<dl class=\"gallery-item\">\n<dt class=\"gallery-icon portrait\"><a href=\"http:\/\/unemonitoroj.com\/lezhe\/2018\/04\/16\/burrel-reagojne-banoret-qe-jetojne-mes-ujerave-te-zeza\/burrel\/\"><img loading=\"lazy\" decoding=\"async\" class=\"attachment-full size-full\" src=\"http:\/\/unemonitoroj.com\/lezhe\/wp-content\/uploads\/2018\/04\/burrel.jpg\" sizes=\"auto, (max-width: 720px) 100vw, 720px\" srcset=\"http:\/\/unemonitoroj.com\/lezhe\/wp-content\/uploads\/2018\/04\/burrel.jpg 720w, http:\/\/unemonitoroj.com\/lezhe\/wp-content\/uploads\/2018\/04\/burrel-169x300.jpg 169w, http:\/\/unemonitoroj.com\/lezhe\/wp-content\/uploads\/2018\/04\/burrel-576x1024.jpg 576w\" alt=\"burrel\" width=\"720\" height=\"1280\" \/><\/a><\/dt>\n<\/dl>\n<dl class=\"gallery-item\">\n<dt class=\"gallery-icon portrait\"><a href=\"http:\/\/unemonitoroj.com\/lezhe\/2018\/04\/16\/burrel-reagojne-banoret-qe-jetojne-mes-ujerave-te-zeza\/burrel2\/\"><img loading=\"lazy\" decoding=\"async\" class=\"attachment-full size-full\" src=\"http:\/\/unemonitoroj.com\/lezhe\/wp-content\/uploads\/2018\/04\/burrel2.jpg\" sizes=\"auto, (max-width: 720px) 100vw, 720px\" srcset=\"http:\/\/unemonitoroj.com\/lezhe\/wp-content\/uploads\/2018\/04\/burrel2.jpg 720w, http:\/\/unemonitoroj.com\/lezhe\/wp-content\/uploads\/2018\/04\/burrel2-169x300.jpg 169w, http:\/\/unemonitoroj.com\/lezhe\/wp-content\/uploads\/2018\/04\/burrel2-576x1024.jpg 576w\" alt=\"burrel2\" width=\"720\" height=\"1280\" \/><\/a><\/dt>\n<\/dl>\n<dl class=\"gallery-item\">\n<dt class=\"gallery-icon landscape\"><a href=\"http:\/\/unemonitoroj.com\/lezhe\/2018\/04\/16\/burrel-reagojne-banoret-qe-jetojne-mes-ujerave-te-zeza\/burrel3\/\"><img loading=\"lazy\" decoding=\"async\" class=\"attachment-full size-full\" src=\"http:\/\/unemonitoroj.com\/lezhe\/wp-content\/uploads\/2018\/04\/burrel3.jpg\" sizes=\"auto, (max-width: 1280px) 100vw, 1280px\" srcset=\"http:\/\/unemonitoroj.com\/lezhe\/wp-content\/uploads\/2018\/04\/burrel3.jpg 1280w, http:\/\/unemonitoroj.com\/lezhe\/wp-content\/uploads\/2018\/04\/burrel3-300x169.jpg 300w, http:\/\/unemonitoroj.com\/lezhe\/wp-content\/uploads\/2018\/04\/burrel3-768x432.jpg 768w, http:\/\/unemonitoroj.com\/lezhe\/wp-content\/uploads\/2018\/04\/burrel3-1024x576.jpg 1024w\" alt=\"burrel3\" width=\"1280\" height=\"720\" \/><\/a><\/dt>\n<\/dl>\n<dl class=\"gallery-item\">\n<dt class=\"gallery-icon landscape\"><a href=\"http:\/\/unemonitoroj.com\/lezhe\/2018\/04\/16\/burrel-reagojne-banoret-qe-jetojne-mes-ujerave-te-zeza\/burrel4\/\"><img loading=\"lazy\" decoding=\"async\" class=\"attachment-full size-full\" src=\"http:\/\/unemonitoroj.com\/lezhe\/wp-content\/uploads\/2018\/04\/burrel4.jpg\" sizes=\"auto, (max-width: 1280px) 100vw, 1280px\" srcset=\"http:\/\/unemonitoroj.com\/lezhe\/wp-content\/uploads\/2018\/04\/burrel4.jpg 1280w, http:\/\/unemonitoroj.com\/lezhe\/wp-content\/uploads\/2018\/04\/burrel4-300x169.jpg 300w, http:\/\/unemonitoroj.com\/lezhe\/wp-content\/uploads\/2018\/04\/burrel4-768x432.jpg 768w, http:\/\/unemonitoroj.com\/lezhe\/wp-content\/uploads\/2018\/04\/burrel4-1024x576.jpg 1024w\" alt=\"burrel4\" width=\"1280\" height=\"720\" \/><\/a><\/dt>\n<\/dl>\n<dl class=\"gallery-item\">\n<dt class=\"gallery-icon landscape\"><a href=\"http:\/\/unemonitoroj.com\/lezhe\/2018\/04\/16\/burrel-reagojne-banoret-qe-jetojne-mes-ujerave-te-zeza\/burrel5\/\"><img loading=\"lazy\" decoding=\"async\" class=\"attachment-full size-full\" src=\"http:\/\/unemonitoroj.com\/lezhe\/wp-content\/uploads\/2018\/04\/burrel5.jpg\" sizes=\"auto, (max-width: 1280px) 100vw, 1280px\" srcset=\"http:\/\/unemonitoroj.com\/lezhe\/wp-content\/uploads\/2018\/04\/burrel5.jpg 1280w, http:\/\/unemonitoroj.com\/lezhe\/wp-content\/uploads\/2018\/04\/burrel5-300x169.jpg 300w, http:\/\/unemonitoroj.com\/lezhe\/wp-content\/uploads\/2018\/04\/burrel5-768x432.jpg 768w, http:\/\/unemonitoroj.com\/lezhe\/wp-content\/uploads\/2018\/04\/burrel5-1024x576.jpg 1024w\" alt=\"burrel5\" width=\"1280\" height=\"720\" \/><\/a><\/dt>\n<\/dl>\n<dl class=\"gallery-item\">\n<dt class=\"gallery-icon landscape\"><a href=\"http:\/\/unemonitoroj.com\/lezhe\/2018\/04\/16\/burrel-reagojne-banoret-qe-jetojne-mes-ujerave-te-zeza\/burrel7\/\"><img loading=\"lazy\" decoding=\"async\" class=\"attachment-full size-full\" src=\"http:\/\/unemonitoroj.com\/lezhe\/wp-content\/uploads\/2018\/04\/burrel7.jpg\" sizes=\"auto, (max-width: 1280px) 100vw, 1280px\" srcset=\"http:\/\/unemonitoroj.com\/lezhe\/wp-content\/uploads\/2018\/04\/burrel7.jpg 1280w, http:\/\/unemonitoroj.com\/lezhe\/wp-content\/uploads\/2018\/04\/burrel7-300x169.jpg 300w, http:\/\/unemonitoroj.com\/lezhe\/wp-content\/uploads\/2018\/04\/burrel7-768x432.jpg 768w, http:\/\/unemonitoroj.com\/lezhe\/wp-content\/uploads\/2018\/04\/burrel7-1024x576.jpg 1024w\" alt=\"burrel7\" width=\"1280\" height=\"720\" \/><\/a><\/dt>\n<\/dl>\n<dl class=\"gallery-item\">\n<dt class=\"gallery-icon portrait\"><a href=\"http:\/\/unemonitoroj.com\/lezhe\/2018\/04\/16\/burrel-reagojne-banoret-qe-jetojne-mes-ujerave-te-zeza\/burrel8\/\"><img loading=\"lazy\" decoding=\"async\" class=\"attachment-full size-full\" src=\"http:\/\/unemonitoroj.com\/lezhe\/wp-content\/uploads\/2018\/04\/burrel8.jpg\" sizes=\"auto, (max-width: 720px) 100vw, 720px\" srcset=\"http:\/\/unemonitoroj.com\/lezhe\/wp-content\/uploads\/2018\/04\/burrel8.jpg 720w, http:\/\/unemonitoroj.com\/lezhe\/wp-content\/uploads\/2018\/04\/burrel8-169x300.jpg 169w, http:\/\/unemonitoroj.com\/lezhe\/wp-content\/uploads\/2018\/04\/burrel8-576x1024.jpg 576w\" alt=\"burrel8\" width=\"720\" height=\"1280\" \/><\/a><\/dt>\n<\/dl>\n<dl class=\"gallery-item\">\n<dt class=\"gallery-icon landscape\"><a href=\"http:\/\/unemonitoroj.com\/lezhe\/2018\/04\/16\/burrel-reagojne-banoret-qe-jetojne-mes-ujerave-te-zeza\/burrel9\/\"><img loading=\"lazy\" decoding=\"async\" class=\"attachment-full size-full\" src=\"http:\/\/unemonitoroj.com\/lezhe\/wp-content\/uploads\/2018\/04\/burrel9.jpg\" sizes=\"auto, (max-width: 1280px) 100vw, 1280px\" srcset=\"http:\/\/unemonitoroj.com\/lezhe\/wp-content\/uploads\/2018\/04\/burrel9.jpg 1280w, http:\/\/unemonitoroj.com\/lezhe\/wp-content\/uploads\/2018\/04\/burrel9-300x169.jpg 300w, http:\/\/unemonitoroj.com\/lezhe\/wp-content\/uploads\/2018\/04\/burrel9-768x432.jpg 768w, http:\/\/unemonitoroj.com\/lezhe\/wp-content\/uploads\/2018\/04\/burrel9-1024x576.jpg 1024w\" alt=\"burrel9\" width=\"1280\" height=\"720\" \/><\/a><\/dt>\n<\/dl>\n<\/div>\n<div id=\"fb_share_1\" style=\"float: right; margin-left: 10px;\"><a name=\"fb_share\" type=\"box_count\" share_url=\"http:\/\/fml.al\/index.php\/2018\/07\/19\/mat-nis-rihapja-e-kanaleve-ne-lagjen-almetaj\/\" href=\"http:\/\/www.facebook.com\/sharer.php\">Share<\/a><\/div><div><script src=\"http:\/\/static.ak.fbcdn.net\/connect.php\/js\/FB.Share\" type=\"text\/javascript\"><\/script><\/div>","protected":false},"excerpt":{"rendered":"<p>Prej m\u00eb shum\u00eb se 25 vitesh banor\u00ebt e fshatit \u201cAlmetaj\u201d n\u00eb nj\u00ebsin\u00eb administrative Komsi n\u00eb Bashkin\u00eb e Matit ankoheshin p\u00ebr ndotjen nga uj\u00ebrat e zeza t\u00eb qytetit t\u00eb Burrelit dhe p\u00ebrmbytjen e disa hektar\u00ebve tok\u00eb bujq\u00ebsore. Por vet\u00ebm pas kaq vitesh, ka nisur nj\u00eb nd\u00ebrhyrje e cila do t\u00eb rib\u00ebj\u00eb funksional\u00eb t\u00eb gjith\u00eb kanalet kullues [&hellip;]<\/p>\n","protected":false},"author":2,"featured_media":758,"comment_status":"open","ping_status":"open","sticky":false,"template":"","format":"standard","meta":{"footnotes":""},"categories":[1],"tags":[],"class_list":["post-757","post","type-post","status-publish","format-standard","has-post-thumbnail","hentry","category-kryesore"],"yoast_head":"<!-- This site is optimized with the Yoast SEO plugin v23.8 - https:\/\/yoast.com\/wordpress\/plugins\/seo\/ -->\n<title>Pas reagimit t\u00eb banor\u00ebve, nis rihapja e kanaleve n\u00eb lagjen \u201cAlmetaj\u201d n\u00eb Mat (video) - Forumi i Mendimit t\u00eb Lir\u00eb<\/title>\n<meta name=\"robots\" content=\"index, follow, max-snippet:-1, max-image-preview:large, max-video-preview:-1\" \/>\n<link rel=\"canonical\" href=\"https:\/\/fml.al\/index.php\/2018\/07\/19\/mat-nis-rihapja-e-kanaleve-ne-lagjen-almetaj\/\" \/>\n<meta property=\"og:locale\" content=\"en_US\" \/>\n<meta property=\"og:type\" content=\"article\" \/>\n<meta property=\"og:title\" content=\"Pas reagimit t\u00eb banor\u00ebve, nis rihapja e kanaleve n\u00eb lagjen \u201cAlmetaj\u201d n\u00eb Mat (video) - Forumi i Mendimit t\u00eb Lir\u00eb\" \/>\n<meta property=\"og:description\" content=\"Prej m\u00eb shum\u00eb se 25 vitesh banor\u00ebt e fshatit \u201cAlmetaj\u201d n\u00eb nj\u00ebsin\u00eb administrative Komsi n\u00eb Bashkin\u00eb e Matit ankoheshin p\u00ebr ndotjen nga uj\u00ebrat e zeza t\u00eb qytetit t\u00eb Burrelit dhe p\u00ebrmbytjen e disa hektar\u00ebve tok\u00eb bujq\u00ebsore. Por vet\u00ebm pas kaq vitesh, ka nisur nj\u00eb nd\u00ebrhyrje e cila do t\u00eb rib\u00ebj\u00eb funksional\u00eb t\u00eb gjith\u00eb kanalet kullues [&hellip;]\" \/>\n<meta property=\"og:url\" content=\"https:\/\/fml.al\/index.php\/2018\/07\/19\/mat-nis-rihapja-e-kanaleve-ne-lagjen-almetaj\/\" \/>\n<meta property=\"og:site_name\" content=\"Forumi i Mendimit t\u00eb Lir\u00eb\" \/>\n<meta property=\"article:published_time\" content=\"2018-07-19T18:14:25+00:00\" \/>\n<meta property=\"article:modified_time\" content=\"2018-07-19T18:21:31+00:00\" \/>\n<meta property=\"og:image\" content=\"https:\/\/fml.al\/wp-content\/uploads\/2018\/07\/mat.jpg\" \/>\n\t<meta property=\"og:image:width\" content=\"976\" \/>\n\t<meta property=\"og:image:height\" content=\"502\" \/>\n\t<meta property=\"og:image:type\" content=\"image\/jpeg\" \/>\n<meta name=\"author\" content=\"fml\" \/>\n<meta name=\"twitter:card\" content=\"summary_large_image\" \/>\n<meta name=\"twitter:label1\" content=\"Written by\" \/>\n\t<meta name=\"twitter:data1\" content=\"fml\" \/>\n\t<meta name=\"twitter:label2\" content=\"Est. reading time\" \/>\n\t<meta name=\"twitter:data2\" content=\"4 minutes\" \/>\n<script type=\"application\/ld+json\" class=\"yoast-schema-graph\">{\"@context\":\"https:\/\/schema.org\",\"@graph\":[{\"@type\":\"Article\",\"@id\":\"https:\/\/fml.al\/index.php\/2018\/07\/19\/mat-nis-rihapja-e-kanaleve-ne-lagjen-almetaj\/#article\",\"isPartOf\":{\"@id\":\"https:\/\/fml.al\/index.php\/2018\/07\/19\/mat-nis-rihapja-e-kanaleve-ne-lagjen-almetaj\/\"},\"author\":{\"name\":\"fml\",\"@id\":\"https:\/\/fml.al\/#\/schema\/person\/a1dd77f6f35c6cdc7974c7312a683446\"},\"headline\":\"Pas reagimit t\u00eb banor\u00ebve, nis rihapja e kanaleve n\u00eb lagjen \u201cAlmetaj\u201d n\u00eb Mat (video)\",\"datePublished\":\"2018-07-19T18:14:25+00:00\",\"dateModified\":\"2018-07-19T18:21:31+00:00\",\"mainEntityOfPage\":{\"@id\":\"https:\/\/fml.al\/index.php\/2018\/07\/19\/mat-nis-rihapja-e-kanaleve-ne-lagjen-almetaj\/\"},\"wordCount\":744,\"commentCount\":0,\"publisher\":{\"@id\":\"https:\/\/fml.al\/#organization\"},\"image\":{\"@id\":\"https:\/\/fml.al\/index.php\/2018\/07\/19\/mat-nis-rihapja-e-kanaleve-ne-lagjen-almetaj\/#primaryimage\"},\"thumbnailUrl\":\"http:\/\/fml.al\/wp-content\/uploads\/2018\/07\/mat.jpg\",\"articleSection\":[\"Kryesore\"],\"inLanguage\":\"en-US\",\"potentialAction\":[{\"@type\":\"CommentAction\",\"name\":\"Comment\",\"target\":[\"https:\/\/fml.al\/index.php\/2018\/07\/19\/mat-nis-rihapja-e-kanaleve-ne-lagjen-almetaj\/#respond\"]}]},{\"@type\":\"WebPage\",\"@id\":\"https:\/\/fml.al\/index.php\/2018\/07\/19\/mat-nis-rihapja-e-kanaleve-ne-lagjen-almetaj\/\",\"url\":\"https:\/\/fml.al\/index.php\/2018\/07\/19\/mat-nis-rihapja-e-kanaleve-ne-lagjen-almetaj\/\",\"name\":\"Pas reagimit t\u00eb banor\u00ebve, nis rihapja e kanaleve n\u00eb lagjen \u201cAlmetaj\u201d n\u00eb Mat (video) - Forumi i Mendimit t\u00eb Lir\u00eb\",\"isPartOf\":{\"@id\":\"https:\/\/fml.al\/#website\"},\"primaryImageOfPage\":{\"@id\":\"https:\/\/fml.al\/index.php\/2018\/07\/19\/mat-nis-rihapja-e-kanaleve-ne-lagjen-almetaj\/#primaryimage\"},\"image\":{\"@id\":\"https:\/\/fml.al\/index.php\/2018\/07\/19\/mat-nis-rihapja-e-kanaleve-ne-lagjen-almetaj\/#primaryimage\"},\"thumbnailUrl\":\"http:\/\/fml.al\/wp-content\/uploads\/2018\/07\/mat.jpg\",\"datePublished\":\"2018-07-19T18:14:25+00:00\",\"dateModified\":\"2018-07-19T18:21:31+00:00\",\"breadcrumb\":{\"@id\":\"https:\/\/fml.al\/index.php\/2018\/07\/19\/mat-nis-rihapja-e-kanaleve-ne-lagjen-almetaj\/#breadcrumb\"},\"inLanguage\":\"en-US\",\"potentialAction\":[{\"@type\":\"ReadAction\",\"target\":[\"https:\/\/fml.al\/index.php\/2018\/07\/19\/mat-nis-rihapja-e-kanaleve-ne-lagjen-almetaj\/\"]}]},{\"@type\":\"ImageObject\",\"inLanguage\":\"en-US\",\"@id\":\"https:\/\/fml.al\/index.php\/2018\/07\/19\/mat-nis-rihapja-e-kanaleve-ne-lagjen-almetaj\/#primaryimage\",\"url\":\"http:\/\/fml.al\/wp-content\/uploads\/2018\/07\/mat.jpg\",\"contentUrl\":\"http:\/\/fml.al\/wp-content\/uploads\/2018\/07\/mat.jpg\",\"width\":976,\"height\":502},{\"@type\":\"BreadcrumbList\",\"@id\":\"https:\/\/fml.al\/index.php\/2018\/07\/19\/mat-nis-rihapja-e-kanaleve-ne-lagjen-almetaj\/#breadcrumb\",\"itemListElement\":[{\"@type\":\"ListItem\",\"position\":1,\"name\":\"Home\",\"item\":\"https:\/\/fml.al\/\"},{\"@type\":\"ListItem\",\"position\":2,\"name\":\"Pas reagimit t\u00eb banor\u00ebve, nis rihapja e kanaleve n\u00eb lagjen \u201cAlmetaj\u201d n\u00eb Mat (video)\"}]},{\"@type\":\"WebSite\",\"@id\":\"https:\/\/fml.al\/#website\",\"url\":\"https:\/\/fml.al\/\",\"name\":\"Forumi i Mendimit t\u00eb Lir\u00eb\",\"description\":\"FML.al\",\"publisher\":{\"@id\":\"https:\/\/fml.al\/#organization\"},\"potentialAction\":[{\"@type\":\"SearchAction\",\"target\":{\"@type\":\"EntryPoint\",\"urlTemplate\":\"https:\/\/fml.al\/?s={search_term_string}\"},\"query-input\":{\"@type\":\"PropertyValueSpecification\",\"valueRequired\":true,\"valueName\":\"search_term_string\"}}],\"inLanguage\":\"en-US\"},{\"@type\":\"Organization\",\"@id\":\"https:\/\/fml.al\/#organization\",\"name\":\"Forumi i Mendimit t\u00eb Lir\u00eb\",\"url\":\"https:\/\/fml.al\/\",\"logo\":{\"@type\":\"ImageObject\",\"inLanguage\":\"en-US\",\"@id\":\"https:\/\/fml.al\/#\/schema\/logo\/image\/\",\"url\":\"https:\/\/fml.al\/wp-content\/uploads\/2015\/07\/fml_Logo.jpg\",\"contentUrl\":\"https:\/\/fml.al\/wp-content\/uploads\/2015\/07\/fml_Logo.jpg\",\"width\":186,\"height\":200,\"caption\":\"Forumi i Mendimit t\u00eb Lir\u00eb\"},\"image\":{\"@id\":\"https:\/\/fml.al\/#\/schema\/logo\/image\/\"}},{\"@type\":\"Person\",\"@id\":\"https:\/\/fml.al\/#\/schema\/person\/a1dd77f6f35c6cdc7974c7312a683446\",\"name\":\"fml\",\"image\":{\"@type\":\"ImageObject\",\"inLanguage\":\"en-US\",\"@id\":\"https:\/\/fml.al\/#\/schema\/person\/image\/\",\"url\":\"https:\/\/secure.gravatar.com\/avatar\/3c805328282e8905fb7373032ca0c59a?s=96&d=mm&r=g\",\"contentUrl\":\"https:\/\/secure.gravatar.com\/avatar\/3c805328282e8905fb7373032ca0c59a?s=96&d=mm&r=g\",\"caption\":\"fml\"},\"url\":\"http:\/\/fml.al\/index.php\/author\/fml\/\"}]}<\/script>\n<!-- \/ Yoast SEO plugin. -->","yoast_head_json":{"title":"Pas reagimit t\u00eb banor\u00ebve, nis rihapja e kanaleve n\u00eb lagjen \u201cAlmetaj\u201d n\u00eb Mat (video) - Forumi i Mendimit t\u00eb Lir\u00eb","robots":{"index":"index","follow":"follow","max-snippet":"max-snippet:-1","max-image-preview":"max-image-preview:large","max-video-preview":"max-video-preview:-1"},"canonical":"https:\/\/fml.al\/index.php\/2018\/07\/19\/mat-nis-rihapja-e-kanaleve-ne-lagjen-almetaj\/","og_locale":"en_US","og_type":"article","og_title":"Pas reagimit t\u00eb banor\u00ebve, nis rihapja e kanaleve n\u00eb lagjen \u201cAlmetaj\u201d n\u00eb Mat (video) - Forumi i Mendimit t\u00eb Lir\u00eb","og_description":"Prej m\u00eb shum\u00eb se 25 vitesh banor\u00ebt e fshatit \u201cAlmetaj\u201d n\u00eb nj\u00ebsin\u00eb administrative Komsi n\u00eb Bashkin\u00eb e Matit ankoheshin p\u00ebr ndotjen nga uj\u00ebrat e zeza t\u00eb qytetit t\u00eb Burrelit dhe p\u00ebrmbytjen e disa hektar\u00ebve tok\u00eb bujq\u00ebsore. Por vet\u00ebm pas kaq vitesh, ka nisur nj\u00eb nd\u00ebrhyrje e cila do t\u00eb rib\u00ebj\u00eb funksional\u00eb t\u00eb gjith\u00eb kanalet kullues [&hellip;]","og_url":"https:\/\/fml.al\/index.php\/2018\/07\/19\/mat-nis-rihapja-e-kanaleve-ne-lagjen-almetaj\/","og_site_name":"Forumi i Mendimit t\u00eb Lir\u00eb","article_published_time":"2018-07-19T18:14:25+00:00","article_modified_time":"2018-07-19T18:21:31+00:00","og_image":[{"width":976,"height":502,"url":"https:\/\/fml.al\/wp-content\/uploads\/2018\/07\/mat.jpg","type":"image\/jpeg"}],"author":"fml","twitter_card":"summary_large_image","twitter_misc":{"Written by":"fml","Est. reading time":"4 minutes"},"schema":{"@context":"https:\/\/schema.org","@graph":[{"@type":"Article","@id":"https:\/\/fml.al\/index.php\/2018\/07\/19\/mat-nis-rihapja-e-kanaleve-ne-lagjen-almetaj\/#article","isPartOf":{"@id":"https:\/\/fml.al\/index.php\/2018\/07\/19\/mat-nis-rihapja-e-kanaleve-ne-lagjen-almetaj\/"},"author":{"name":"fml","@id":"https:\/\/fml.al\/#\/schema\/person\/a1dd77f6f35c6cdc7974c7312a683446"},"headline":"Pas reagimit t\u00eb banor\u00ebve, nis rihapja e kanaleve n\u00eb lagjen \u201cAlmetaj\u201d n\u00eb Mat (video)","datePublished":"2018-07-19T18:14:25+00:00","dateModified":"2018-07-19T18:21:31+00:00","mainEntityOfPage":{"@id":"https:\/\/fml.al\/index.php\/2018\/07\/19\/mat-nis-rihapja-e-kanaleve-ne-lagjen-almetaj\/"},"wordCount":744,"commentCount":0,"publisher":{"@id":"https:\/\/fml.al\/#organization"},"image":{"@id":"https:\/\/fml.al\/index.php\/2018\/07\/19\/mat-nis-rihapja-e-kanaleve-ne-lagjen-almetaj\/#primaryimage"},"thumbnailUrl":"http:\/\/fml.al\/wp-content\/uploads\/2018\/07\/mat.jpg","articleSection":["Kryesore"],"inLanguage":"en-US","potentialAction":[{"@type":"CommentAction","name":"Comment","target":["https:\/\/fml.al\/index.php\/2018\/07\/19\/mat-nis-rihapja-e-kanaleve-ne-lagjen-almetaj\/#respond"]}]},{"@type":"WebPage","@id":"https:\/\/fml.al\/index.php\/2018\/07\/19\/mat-nis-rihapja-e-kanaleve-ne-lagjen-almetaj\/","url":"https:\/\/fml.al\/index.php\/2018\/07\/19\/mat-nis-rihapja-e-kanaleve-ne-lagjen-almetaj\/","name":"Pas reagimit t\u00eb banor\u00ebve, nis rihapja e kanaleve n\u00eb lagjen \u201cAlmetaj\u201d n\u00eb Mat (video) - Forumi i Mendimit t\u00eb Lir\u00eb","isPartOf":{"@id":"https:\/\/fml.al\/#website"},"primaryImageOfPage":{"@id":"https:\/\/fml.al\/index.php\/2018\/07\/19\/mat-nis-rihapja-e-kanaleve-ne-lagjen-almetaj\/#primaryimage"},"image":{"@id":"https:\/\/fml.al\/index.php\/2018\/07\/19\/mat-nis-rihapja-e-kanaleve-ne-lagjen-almetaj\/#primaryimage"},"thumbnailUrl":"http:\/\/fml.al\/wp-content\/uploads\/2018\/07\/mat.jpg","datePublished":"2018-07-19T18:14:25+00:00","dateModified":"2018-07-19T18:21:31+00:00","breadcrumb":{"@id":"https:\/\/fml.al\/index.php\/2018\/07\/19\/mat-nis-rihapja-e-kanaleve-ne-lagjen-almetaj\/#breadcrumb"},"inLanguage":"en-US","potentialAction":[{"@type":"ReadAction","target":["https:\/\/fml.al\/index.php\/2018\/07\/19\/mat-nis-rihapja-e-kanaleve-ne-lagjen-almetaj\/"]}]},{"@type":"ImageObject","inLanguage":"en-US","@id":"https:\/\/fml.al\/index.php\/2018\/07\/19\/mat-nis-rihapja-e-kanaleve-ne-lagjen-almetaj\/#primaryimage","url":"http:\/\/fml.al\/wp-content\/uploads\/2018\/07\/mat.jpg","contentUrl":"http:\/\/fml.al\/wp-content\/uploads\/2018\/07\/mat.jpg","width":976,"height":502},{"@type":"BreadcrumbList","@id":"https:\/\/fml.al\/index.php\/2018\/07\/19\/mat-nis-rihapja-e-kanaleve-ne-lagjen-almetaj\/#breadcrumb","itemListElement":[{"@type":"ListItem","position":1,"name":"Home","item":"https:\/\/fml.al\/"},{"@type":"ListItem","position":2,"name":"Pas reagimit t\u00eb banor\u00ebve, nis rihapja e kanaleve n\u00eb lagjen \u201cAlmetaj\u201d n\u00eb Mat (video)"}]},{"@type":"WebSite","@id":"https:\/\/fml.al\/#website","url":"https:\/\/fml.al\/","name":"Forumi i Mendimit t\u00eb Lir\u00eb","description":"FML.al","publisher":{"@id":"https:\/\/fml.al\/#organization"},"potentialAction":[{"@type":"SearchAction","target":{"@type":"EntryPoint","urlTemplate":"https:\/\/fml.al\/?s={search_term_string}"},"query-input":{"@type":"PropertyValueSpecification","valueRequired":true,"valueName":"search_term_string"}}],"inLanguage":"en-US"},{"@type":"Organization","@id":"https:\/\/fml.al\/#organization","name":"Forumi i Mendimit t\u00eb Lir\u00eb","url":"https:\/\/fml.al\/","logo":{"@type":"ImageObject","inLanguage":"en-US","@id":"https:\/\/fml.al\/#\/schema\/logo\/image\/","url":"https:\/\/fml.al\/wp-content\/uploads\/2015\/07\/fml_Logo.jpg","contentUrl":"https:\/\/fml.al\/wp-content\/uploads\/2015\/07\/fml_Logo.jpg","width":186,"height":200,"caption":"Forumi i Mendimit t\u00eb Lir\u00eb"},"image":{"@id":"https:\/\/fml.al\/#\/schema\/logo\/image\/"}},{"@type":"Person","@id":"https:\/\/fml.al\/#\/schema\/person\/a1dd77f6f35c6cdc7974c7312a683446","name":"fml","image":{"@type":"ImageObject","inLanguage":"en-US","@id":"https:\/\/fml.al\/#\/schema\/person\/image\/","url":"https:\/\/secure.gravatar.com\/avatar\/3c805328282e8905fb7373032ca0c59a?s=96&d=mm&r=g","contentUrl":"https:\/\/secure.gravatar.com\/avatar\/3c805328282e8905fb7373032ca0c59a?s=96&d=mm&r=g","caption":"fml"},"url":"http:\/\/fml.al\/index.php\/author\/fml\/"}]}},"_links":{"self":[{"href":"http:\/\/fml.al\/index.php\/wp-json\/wp\/v2\/posts\/757","targetHints":{"allow":["GET"]}}],"collection":[{"href":"http:\/\/fml.al\/index.php\/wp-json\/wp\/v2\/posts"}],"about":[{"href":"http:\/\/fml.al\/index.php\/wp-json\/wp\/v2\/types\/post"}],"author":[{"embeddable":true,"href":"http:\/\/fml.al\/index.php\/wp-json\/wp\/v2\/users\/2"}],"replies":[{"embeddable":true,"href":"http:\/\/fml.al\/index.php\/wp-json\/wp\/v2\/comments?post=757"}],"version-history":[{"count":6,"href":"http:\/\/fml.al\/index.php\/wp-json\/wp\/v2\/posts\/757\/revisions"}],"predecessor-version":[{"id":764,"href":"http:\/\/fml.al\/index.php\/wp-json\/wp\/v2\/posts\/757\/revisions\/764"}],"wp:featuredmedia":[{"embeddable":true,"href":"http:\/\/fml.al\/index.php\/wp-json\/wp\/v2\/media\/758"}],"wp:attachment":[{"href":"http:\/\/fml.al\/index.php\/wp-json\/wp\/v2\/media?parent=757"}],"wp:term":[{"taxonomy":"category","embeddable":true,"href":"http:\/\/fml.al\/index.php\/wp-json\/wp\/v2\/categories?post=757"},{"taxonomy":"post_tag","embeddable":true,"href":"http:\/\/fml.al\/index.php\/wp-json\/wp\/v2\/tags?post=757"}],"curies":[{"name":"wp","href":"https:\/\/api.w.org\/{rel}","templated":true}]}}