{"id":788,"date":"2018-09-25T14:05:28","date_gmt":"2018-09-25T14:05:28","guid":{"rendered":"http:\/\/fml.al\/?p=788"},"modified":"2018-09-25T14:36:24","modified_gmt":"2018-09-25T14:36:24","slug":"duke-kerkuar-ndertimin-e-ures","status":"publish","type":"post","link":"http:\/\/fml.al\/index.php\/2018\/09\/25\/duke-kerkuar-ndertimin-e-ures\/","title":{"rendered":"Duke k\u00ebrkuar nd\u00ebrtimin e ur\u00ebs"},"content":{"rendered":"<p>Banor\u00ebt e fshatit Bilaj, n\u00eb nj\u00ebsin\u00eb administrative Bubq, bashkia Kruj\u00eb, e kalojn\u00eb lumin me ndihm\u00ebn e k\u00ebsaj ure primitive, t\u00eb nd\u00ebrtuar me trungjet e pem\u00ebve nga vet\u00eb ata. Por, me v\u00ebrshimin e par\u00eb, lumi do ta marr\u00eb me vete k\u00ebt\u00eb pasarel\u00eb.<\/p>\n<p>Ura e v\u00ebrtet\u00eb, u shemb n\u00eb muajin Shkurt, kur lumi v\u00ebrshoi si pasoj\u00eb e reshjeve t\u00eb shumta. Q\u00eb at\u00ebher\u00eb ata kan\u00eb reaguar n\u00eb m\u00ebnyr\u00eb sistematike, duke k\u00ebrkuar nd\u00ebrtimin e ur\u00ebs. Por, n\u00eb vend t\u00eb rind\u00ebrtimit, forcat e ushtris\u00eb q\u00eb e kishin montuar, e mor\u00ebn p\u00ebr t\u00eb mos e sjell\u00eb m\u00eb. Me mb\u00ebshtetjen dhe advokimin e organizat\u00ebs Forumi i Mendimit t\u00eb Lir\u00eb, tashm\u00eb ata i jan\u00eb drejtuar formave t\u00eb tjera t\u00eb reagimit. Banor\u00ebt po n\u00ebnshkruajn\u00eb nj\u00eb peticion drejtuar bashkis\u00eb Kruj\u00eb dhe Ministris\u00eb s\u00eb Transporteve.<\/p>\n<p>N\u00ebse edhe kjo form\u00eb nuk do t\u00eb b\u00ebj\u00eb efekt, ata thon\u00eb se do ti drejtohen protest\u00ebs. Banor\u00ebt e k\u00ebtij fshati jan\u00eb p\u00ebrzgjedhur nga kjo organizat\u00eb, n\u00eb kuad\u00ebr t\u00eb nj\u00eb projekti t\u00eb mb\u00ebshtetur nga L\u00ebviz Albania, p\u00ebr tu suportuar dhe advokuar qytetar\u00ebt, n\u00eb reagimet e tyre p\u00ebr t\u00eb k\u00ebrkuar realizimin e premtimeve dhe p\u00ebrmbushjen e nevojave emergjente.<\/p>\n<div id=\"gallery-2\" class=\"gallery galleryid-6675 gallery-columns-1 gallery-size-full\">\n<dl class=\"gallery-item\">\n<dt class=\"gallery-icon portrait\"><a href=\"http:\/\/unemonitoroj.com\/tirane\/2018\/09\/25\/kruje-duke-kerkuar-ndertimin-e-ures\/ura1-2\/\"><img loading=\"lazy\" decoding=\"async\" class=\"attachment-full size-full\" src=\"http:\/\/unemonitoroj.com\/tirane\/wp-content\/uploads\/2018\/09\/ura1.jpg\" sizes=\"auto, (max-width: 337px) 100vw, 337px\" srcset=\"http:\/\/unemonitoroj.com\/tirane\/wp-content\/uploads\/2018\/09\/ura1.jpg 337w, http:\/\/unemonitoroj.com\/tirane\/wp-content\/uploads\/2018\/09\/ura1-165x300.jpg 165w\" alt=\"ura1\" width=\"337\" height=\"614\" \/><\/a><\/dt>\n<\/dl>\n<dl class=\"gallery-item\">\n<dt class=\"gallery-icon portrait\"><a href=\"http:\/\/unemonitoroj.com\/tirane\/2018\/09\/25\/kruje-duke-kerkuar-ndertimin-e-ures\/ura2-2\/\"><img loading=\"lazy\" decoding=\"async\" class=\"attachment-full size-full\" src=\"http:\/\/unemonitoroj.com\/tirane\/wp-content\/uploads\/2018\/09\/ura2.jpg\" sizes=\"auto, (max-width: 330px) 100vw, 330px\" srcset=\"http:\/\/unemonitoroj.com\/tirane\/wp-content\/uploads\/2018\/09\/ura2.jpg 330w, http:\/\/unemonitoroj.com\/tirane\/wp-content\/uploads\/2018\/09\/ura2-163x300.jpg 163w\" alt=\"ura2\" width=\"330\" height=\"608\" \/><\/a><\/dt>\n<\/dl>\n<dl class=\"gallery-item\">\n<dt class=\"gallery-icon portrait\"><a href=\"http:\/\/unemonitoroj.com\/tirane\/2018\/09\/25\/kruje-duke-kerkuar-ndertimin-e-ures\/ura3-2\/\"><img loading=\"lazy\" decoding=\"async\" class=\"attachment-full size-full\" src=\"http:\/\/unemonitoroj.com\/tirane\/wp-content\/uploads\/2018\/09\/ura3.jpg\" sizes=\"auto, (max-width: 333px) 100vw, 333px\" srcset=\"http:\/\/unemonitoroj.com\/tirane\/wp-content\/uploads\/2018\/09\/ura3.jpg 333w, http:\/\/unemonitoroj.com\/tirane\/wp-content\/uploads\/2018\/09\/ura3-163x300.jpg 163w\" alt=\"ura3\" width=\"333\" height=\"613\" \/><\/a><\/dt>\n<\/dl>\n<dl class=\"gallery-item\">\n<dt class=\"gallery-icon portrait\"><a href=\"http:\/\/unemonitoroj.com\/tirane\/2018\/09\/25\/kruje-duke-kerkuar-ndertimin-e-ures\/ura4\/\"><img loading=\"lazy\" decoding=\"async\" class=\"attachment-full size-full\" src=\"http:\/\/unemonitoroj.com\/tirane\/wp-content\/uploads\/2018\/09\/ura4.jpg\" sizes=\"auto, (max-width: 348px) 100vw, 348px\" srcset=\"http:\/\/unemonitoroj.com\/tirane\/wp-content\/uploads\/2018\/09\/ura4.jpg 348w, http:\/\/unemonitoroj.com\/tirane\/wp-content\/uploads\/2018\/09\/ura4-165x300.jpg 165w\" alt=\"ura4\" width=\"348\" height=\"632\" \/><\/a><\/dt>\n<\/dl>\n<dl class=\"gallery-item\">\n<dt class=\"gallery-icon portrait\"><a href=\"http:\/\/unemonitoroj.com\/tirane\/2018\/09\/25\/kruje-duke-kerkuar-ndertimin-e-ures\/ura5\/\"><img loading=\"lazy\" decoding=\"async\" class=\"attachment-full size-full\" src=\"http:\/\/unemonitoroj.com\/tirane\/wp-content\/uploads\/2018\/09\/ura5.jpg\" sizes=\"auto, (max-width: 338px) 100vw, 338px\" srcset=\"http:\/\/unemonitoroj.com\/tirane\/wp-content\/uploads\/2018\/09\/ura5.jpg 338w, http:\/\/unemonitoroj.com\/tirane\/wp-content\/uploads\/2018\/09\/ura5-161x300.jpg 161w\" alt=\"ura5\" width=\"338\" height=\"628\" \/><\/a><\/dt>\n<\/dl>\n<dl class=\"gallery-item\">\n<dt class=\"gallery-icon portrait\"><a href=\"http:\/\/unemonitoroj.com\/tirane\/2018\/09\/25\/kruje-duke-kerkuar-ndertimin-e-ures\/ura6\/\"><img loading=\"lazy\" decoding=\"async\" class=\"attachment-full size-full\" src=\"http:\/\/unemonitoroj.com\/tirane\/wp-content\/uploads\/2018\/09\/ura6.jpg\" sizes=\"auto, (max-width: 348px) 100vw, 348px\" srcset=\"http:\/\/unemonitoroj.com\/tirane\/wp-content\/uploads\/2018\/09\/ura6.jpg 348w, http:\/\/unemonitoroj.com\/tirane\/wp-content\/uploads\/2018\/09\/ura6-168x300.jpg 168w\" alt=\"ura6\" width=\"348\" height=\"622\" \/><\/a><\/dt>\n<\/dl>\n<dl class=\"gallery-item\">\n<dt class=\"gallery-icon portrait\"><a href=\"http:\/\/unemonitoroj.com\/tirane\/2018\/09\/25\/kruje-duke-kerkuar-ndertimin-e-ures\/ura7\/\"><img loading=\"lazy\" decoding=\"async\" class=\"attachment-full size-full\" src=\"http:\/\/unemonitoroj.com\/tirane\/wp-content\/uploads\/2018\/09\/ura7.jpg\" sizes=\"auto, (max-width: 456px) 100vw, 456px\" srcset=\"http:\/\/unemonitoroj.com\/tirane\/wp-content\/uploads\/2018\/09\/ura7.jpg 456w, http:\/\/unemonitoroj.com\/tirane\/wp-content\/uploads\/2018\/09\/ura7-219x300.jpg 219w\" alt=\"ura7\" width=\"456\" height=\"625\" \/><\/a><\/dt>\n<\/dl>\n<\/div>\n<div id=\"fb_share_1\" style=\"float: right; margin-left: 10px;\"><a name=\"fb_share\" type=\"box_count\" share_url=\"http:\/\/fml.al\/index.php\/2018\/09\/25\/duke-kerkuar-ndertimin-e-ures\/\" href=\"http:\/\/www.facebook.com\/sharer.php\">Share<\/a><\/div><div><script src=\"http:\/\/static.ak.fbcdn.net\/connect.php\/js\/FB.Share\" type=\"text\/javascript\"><\/script><\/div>","protected":false},"excerpt":{"rendered":"<p>Banor\u00ebt e fshatit Bilaj, n\u00eb nj\u00ebsin\u00eb administrative Bubq, bashkia Kruj\u00eb, e kalojn\u00eb lumin me ndihm\u00ebn e k\u00ebsaj ure primitive, t\u00eb nd\u00ebrtuar me trungjet e pem\u00ebve nga vet\u00eb ata. Por, me v\u00ebrshimin e par\u00eb, lumi do ta marr\u00eb me vete k\u00ebt\u00eb pasarel\u00eb. Ura e v\u00ebrtet\u00eb, u shemb n\u00eb muajin Shkurt, kur lumi v\u00ebrshoi si pasoj\u00eb e [&hellip;]<\/p>\n","protected":false},"author":2,"featured_media":789,"comment_status":"open","ping_status":"open","sticky":false,"template":"","format":"standard","meta":{"footnotes":""},"categories":[1],"tags":[],"class_list":["post-788","post","type-post","status-publish","format-standard","has-post-thumbnail","hentry","category-kryesore"],"yoast_head":"<!-- This site is optimized with the Yoast SEO plugin v23.8 - https:\/\/yoast.com\/wordpress\/plugins\/seo\/ -->\n<title>Duke k\u00ebrkuar nd\u00ebrtimin e ur\u00ebs - Forumi i Mendimit t\u00eb Lir\u00eb<\/title>\n<meta name=\"robots\" content=\"index, follow, max-snippet:-1, max-image-preview:large, max-video-preview:-1\" \/>\n<link rel=\"canonical\" href=\"https:\/\/fml.al\/index.php\/2018\/09\/25\/duke-kerkuar-ndertimin-e-ures\/\" \/>\n<meta property=\"og:locale\" content=\"en_US\" \/>\n<meta property=\"og:type\" content=\"article\" \/>\n<meta property=\"og:title\" content=\"Duke k\u00ebrkuar nd\u00ebrtimin e ur\u00ebs - Forumi i Mendimit t\u00eb Lir\u00eb\" \/>\n<meta property=\"og:description\" content=\"Banor\u00ebt e fshatit Bilaj, n\u00eb nj\u00ebsin\u00eb administrative Bubq, bashkia Kruj\u00eb, e kalojn\u00eb lumin me ndihm\u00ebn e k\u00ebsaj ure primitive, t\u00eb nd\u00ebrtuar me trungjet e pem\u00ebve nga vet\u00eb ata. Por, me v\u00ebrshimin e par\u00eb, lumi do ta marr\u00eb me vete k\u00ebt\u00eb pasarel\u00eb. Ura e v\u00ebrtet\u00eb, u shemb n\u00eb muajin Shkurt, kur lumi v\u00ebrshoi si pasoj\u00eb e [&hellip;]\" \/>\n<meta property=\"og:url\" content=\"https:\/\/fml.al\/index.php\/2018\/09\/25\/duke-kerkuar-ndertimin-e-ures\/\" \/>\n<meta property=\"og:site_name\" content=\"Forumi i Mendimit t\u00eb Lir\u00eb\" \/>\n<meta property=\"article:published_time\" content=\"2018-09-25T14:05:28+00:00\" \/>\n<meta property=\"article:modified_time\" content=\"2018-09-25T14:36:24+00:00\" \/>\n<meta property=\"og:image\" content=\"https:\/\/fml.al\/wp-content\/uploads\/2018\/09\/ura.jpg\" \/>\n\t<meta property=\"og:image:width\" content=\"640\" \/>\n\t<meta property=\"og:image:height\" content=\"640\" \/>\n\t<meta property=\"og:image:type\" content=\"image\/jpeg\" \/>\n<meta name=\"author\" content=\"fml\" \/>\n<meta name=\"twitter:card\" content=\"summary_large_image\" \/>\n<meta name=\"twitter:label1\" content=\"Written by\" \/>\n\t<meta name=\"twitter:data1\" content=\"fml\" \/>\n\t<meta name=\"twitter:label2\" content=\"Est. reading time\" \/>\n\t<meta name=\"twitter:data2\" content=\"1 minute\" \/>\n<script type=\"application\/ld+json\" class=\"yoast-schema-graph\">{\"@context\":\"https:\/\/schema.org\",\"@graph\":[{\"@type\":\"Article\",\"@id\":\"https:\/\/fml.al\/index.php\/2018\/09\/25\/duke-kerkuar-ndertimin-e-ures\/#article\",\"isPartOf\":{\"@id\":\"https:\/\/fml.al\/index.php\/2018\/09\/25\/duke-kerkuar-ndertimin-e-ures\/\"},\"author\":{\"name\":\"fml\",\"@id\":\"https:\/\/fml.al\/#\/schema\/person\/a1dd77f6f35c6cdc7974c7312a683446\"},\"headline\":\"Duke k\u00ebrkuar nd\u00ebrtimin e ur\u00ebs\",\"datePublished\":\"2018-09-25T14:05:28+00:00\",\"dateModified\":\"2018-09-25T14:36:24+00:00\",\"mainEntityOfPage\":{\"@id\":\"https:\/\/fml.al\/index.php\/2018\/09\/25\/duke-kerkuar-ndertimin-e-ures\/\"},\"wordCount\":224,\"commentCount\":0,\"publisher\":{\"@id\":\"https:\/\/fml.al\/#organization\"},\"image\":{\"@id\":\"https:\/\/fml.al\/index.php\/2018\/09\/25\/duke-kerkuar-ndertimin-e-ures\/#primaryimage\"},\"thumbnailUrl\":\"http:\/\/fml.al\/wp-content\/uploads\/2018\/09\/ura.jpg\",\"articleSection\":[\"Kryesore\"],\"inLanguage\":\"en-US\",\"potentialAction\":[{\"@type\":\"CommentAction\",\"name\":\"Comment\",\"target\":[\"https:\/\/fml.al\/index.php\/2018\/09\/25\/duke-kerkuar-ndertimin-e-ures\/#respond\"]}]},{\"@type\":\"WebPage\",\"@id\":\"https:\/\/fml.al\/index.php\/2018\/09\/25\/duke-kerkuar-ndertimin-e-ures\/\",\"url\":\"https:\/\/fml.al\/index.php\/2018\/09\/25\/duke-kerkuar-ndertimin-e-ures\/\",\"name\":\"Duke k\u00ebrkuar nd\u00ebrtimin e ur\u00ebs - Forumi i Mendimit t\u00eb Lir\u00eb\",\"isPartOf\":{\"@id\":\"https:\/\/fml.al\/#website\"},\"primaryImageOfPage\":{\"@id\":\"https:\/\/fml.al\/index.php\/2018\/09\/25\/duke-kerkuar-ndertimin-e-ures\/#primaryimage\"},\"image\":{\"@id\":\"https:\/\/fml.al\/index.php\/2018\/09\/25\/duke-kerkuar-ndertimin-e-ures\/#primaryimage\"},\"thumbnailUrl\":\"http:\/\/fml.al\/wp-content\/uploads\/2018\/09\/ura.jpg\",\"datePublished\":\"2018-09-25T14:05:28+00:00\",\"dateModified\":\"2018-09-25T14:36:24+00:00\",\"breadcrumb\":{\"@id\":\"https:\/\/fml.al\/index.php\/2018\/09\/25\/duke-kerkuar-ndertimin-e-ures\/#breadcrumb\"},\"inLanguage\":\"en-US\",\"potentialAction\":[{\"@type\":\"ReadAction\",\"target\":[\"https:\/\/fml.al\/index.php\/2018\/09\/25\/duke-kerkuar-ndertimin-e-ures\/\"]}]},{\"@type\":\"ImageObject\",\"inLanguage\":\"en-US\",\"@id\":\"https:\/\/fml.al\/index.php\/2018\/09\/25\/duke-kerkuar-ndertimin-e-ures\/#primaryimage\",\"url\":\"http:\/\/fml.al\/wp-content\/uploads\/2018\/09\/ura.jpg\",\"contentUrl\":\"http:\/\/fml.al\/wp-content\/uploads\/2018\/09\/ura.jpg\",\"width\":640,\"height\":640},{\"@type\":\"BreadcrumbList\",\"@id\":\"https:\/\/fml.al\/index.php\/2018\/09\/25\/duke-kerkuar-ndertimin-e-ures\/#breadcrumb\",\"itemListElement\":[{\"@type\":\"ListItem\",\"position\":1,\"name\":\"Home\",\"item\":\"https:\/\/fml.al\/\"},{\"@type\":\"ListItem\",\"position\":2,\"name\":\"Duke k\u00ebrkuar nd\u00ebrtimin e ur\u00ebs\"}]},{\"@type\":\"WebSite\",\"@id\":\"https:\/\/fml.al\/#website\",\"url\":\"https:\/\/fml.al\/\",\"name\":\"Forumi i Mendimit t\u00eb Lir\u00eb\",\"description\":\"FML.al\",\"publisher\":{\"@id\":\"https:\/\/fml.al\/#organization\"},\"potentialAction\":[{\"@type\":\"SearchAction\",\"target\":{\"@type\":\"EntryPoint\",\"urlTemplate\":\"https:\/\/fml.al\/?s={search_term_string}\"},\"query-input\":{\"@type\":\"PropertyValueSpecification\",\"valueRequired\":true,\"valueName\":\"search_term_string\"}}],\"inLanguage\":\"en-US\"},{\"@type\":\"Organization\",\"@id\":\"https:\/\/fml.al\/#organization\",\"name\":\"Forumi i Mendimit t\u00eb Lir\u00eb\",\"url\":\"https:\/\/fml.al\/\",\"logo\":{\"@type\":\"ImageObject\",\"inLanguage\":\"en-US\",\"@id\":\"https:\/\/fml.al\/#\/schema\/logo\/image\/\",\"url\":\"https:\/\/fml.al\/wp-content\/uploads\/2015\/07\/fml_Logo.jpg\",\"contentUrl\":\"https:\/\/fml.al\/wp-content\/uploads\/2015\/07\/fml_Logo.jpg\",\"width\":186,\"height\":200,\"caption\":\"Forumi i Mendimit t\u00eb Lir\u00eb\"},\"image\":{\"@id\":\"https:\/\/fml.al\/#\/schema\/logo\/image\/\"}},{\"@type\":\"Person\",\"@id\":\"https:\/\/fml.al\/#\/schema\/person\/a1dd77f6f35c6cdc7974c7312a683446\",\"name\":\"fml\",\"image\":{\"@type\":\"ImageObject\",\"inLanguage\":\"en-US\",\"@id\":\"https:\/\/fml.al\/#\/schema\/person\/image\/\",\"url\":\"https:\/\/secure.gravatar.com\/avatar\/3c805328282e8905fb7373032ca0c59a?s=96&d=mm&r=g\",\"contentUrl\":\"https:\/\/secure.gravatar.com\/avatar\/3c805328282e8905fb7373032ca0c59a?s=96&d=mm&r=g\",\"caption\":\"fml\"},\"url\":\"http:\/\/fml.al\/index.php\/author\/fml\/\"}]}<\/script>\n<!-- \/ Yoast SEO plugin. -->","yoast_head_json":{"title":"Duke k\u00ebrkuar nd\u00ebrtimin e ur\u00ebs - Forumi i Mendimit t\u00eb Lir\u00eb","robots":{"index":"index","follow":"follow","max-snippet":"max-snippet:-1","max-image-preview":"max-image-preview:large","max-video-preview":"max-video-preview:-1"},"canonical":"https:\/\/fml.al\/index.php\/2018\/09\/25\/duke-kerkuar-ndertimin-e-ures\/","og_locale":"en_US","og_type":"article","og_title":"Duke k\u00ebrkuar nd\u00ebrtimin e ur\u00ebs - Forumi i Mendimit t\u00eb Lir\u00eb","og_description":"Banor\u00ebt e fshatit Bilaj, n\u00eb nj\u00ebsin\u00eb administrative Bubq, bashkia Kruj\u00eb, e kalojn\u00eb lumin me ndihm\u00ebn e k\u00ebsaj ure primitive, t\u00eb nd\u00ebrtuar me trungjet e pem\u00ebve nga vet\u00eb ata. Por, me v\u00ebrshimin e par\u00eb, lumi do ta marr\u00eb me vete k\u00ebt\u00eb pasarel\u00eb. Ura e v\u00ebrtet\u00eb, u shemb n\u00eb muajin Shkurt, kur lumi v\u00ebrshoi si pasoj\u00eb e [&hellip;]","og_url":"https:\/\/fml.al\/index.php\/2018\/09\/25\/duke-kerkuar-ndertimin-e-ures\/","og_site_name":"Forumi i Mendimit t\u00eb Lir\u00eb","article_published_time":"2018-09-25T14:05:28+00:00","article_modified_time":"2018-09-25T14:36:24+00:00","og_image":[{"width":640,"height":640,"url":"https:\/\/fml.al\/wp-content\/uploads\/2018\/09\/ura.jpg","type":"image\/jpeg"}],"author":"fml","twitter_card":"summary_large_image","twitter_misc":{"Written by":"fml","Est. reading time":"1 minute"},"schema":{"@context":"https:\/\/schema.org","@graph":[{"@type":"Article","@id":"https:\/\/fml.al\/index.php\/2018\/09\/25\/duke-kerkuar-ndertimin-e-ures\/#article","isPartOf":{"@id":"https:\/\/fml.al\/index.php\/2018\/09\/25\/duke-kerkuar-ndertimin-e-ures\/"},"author":{"name":"fml","@id":"https:\/\/fml.al\/#\/schema\/person\/a1dd77f6f35c6cdc7974c7312a683446"},"headline":"Duke k\u00ebrkuar nd\u00ebrtimin e ur\u00ebs","datePublished":"2018-09-25T14:05:28+00:00","dateModified":"2018-09-25T14:36:24+00:00","mainEntityOfPage":{"@id":"https:\/\/fml.al\/index.php\/2018\/09\/25\/duke-kerkuar-ndertimin-e-ures\/"},"wordCount":224,"commentCount":0,"publisher":{"@id":"https:\/\/fml.al\/#organization"},"image":{"@id":"https:\/\/fml.al\/index.php\/2018\/09\/25\/duke-kerkuar-ndertimin-e-ures\/#primaryimage"},"thumbnailUrl":"http:\/\/fml.al\/wp-content\/uploads\/2018\/09\/ura.jpg","articleSection":["Kryesore"],"inLanguage":"en-US","potentialAction":[{"@type":"CommentAction","name":"Comment","target":["https:\/\/fml.al\/index.php\/2018\/09\/25\/duke-kerkuar-ndertimin-e-ures\/#respond"]}]},{"@type":"WebPage","@id":"https:\/\/fml.al\/index.php\/2018\/09\/25\/duke-kerkuar-ndertimin-e-ures\/","url":"https:\/\/fml.al\/index.php\/2018\/09\/25\/duke-kerkuar-ndertimin-e-ures\/","name":"Duke k\u00ebrkuar nd\u00ebrtimin e ur\u00ebs - Forumi i Mendimit t\u00eb Lir\u00eb","isPartOf":{"@id":"https:\/\/fml.al\/#website"},"primaryImageOfPage":{"@id":"https:\/\/fml.al\/index.php\/2018\/09\/25\/duke-kerkuar-ndertimin-e-ures\/#primaryimage"},"image":{"@id":"https:\/\/fml.al\/index.php\/2018\/09\/25\/duke-kerkuar-ndertimin-e-ures\/#primaryimage"},"thumbnailUrl":"http:\/\/fml.al\/wp-content\/uploads\/2018\/09\/ura.jpg","datePublished":"2018-09-25T14:05:28+00:00","dateModified":"2018-09-25T14:36:24+00:00","breadcrumb":{"@id":"https:\/\/fml.al\/index.php\/2018\/09\/25\/duke-kerkuar-ndertimin-e-ures\/#breadcrumb"},"inLanguage":"en-US","potentialAction":[{"@type":"ReadAction","target":["https:\/\/fml.al\/index.php\/2018\/09\/25\/duke-kerkuar-ndertimin-e-ures\/"]}]},{"@type":"ImageObject","inLanguage":"en-US","@id":"https:\/\/fml.al\/index.php\/2018\/09\/25\/duke-kerkuar-ndertimin-e-ures\/#primaryimage","url":"http:\/\/fml.al\/wp-content\/uploads\/2018\/09\/ura.jpg","contentUrl":"http:\/\/fml.al\/wp-content\/uploads\/2018\/09\/ura.jpg","width":640,"height":640},{"@type":"BreadcrumbList","@id":"https:\/\/fml.al\/index.php\/2018\/09\/25\/duke-kerkuar-ndertimin-e-ures\/#breadcrumb","itemListElement":[{"@type":"ListItem","position":1,"name":"Home","item":"https:\/\/fml.al\/"},{"@type":"ListItem","position":2,"name":"Duke k\u00ebrkuar nd\u00ebrtimin e ur\u00ebs"}]},{"@type":"WebSite","@id":"https:\/\/fml.al\/#website","url":"https:\/\/fml.al\/","name":"Forumi i Mendimit t\u00eb Lir\u00eb","description":"FML.al","publisher":{"@id":"https:\/\/fml.al\/#organization"},"potentialAction":[{"@type":"SearchAction","target":{"@type":"EntryPoint","urlTemplate":"https:\/\/fml.al\/?s={search_term_string}"},"query-input":{"@type":"PropertyValueSpecification","valueRequired":true,"valueName":"search_term_string"}}],"inLanguage":"en-US"},{"@type":"Organization","@id":"https:\/\/fml.al\/#organization","name":"Forumi i Mendimit t\u00eb Lir\u00eb","url":"https:\/\/fml.al\/","logo":{"@type":"ImageObject","inLanguage":"en-US","@id":"https:\/\/fml.al\/#\/schema\/logo\/image\/","url":"https:\/\/fml.al\/wp-content\/uploads\/2015\/07\/fml_Logo.jpg","contentUrl":"https:\/\/fml.al\/wp-content\/uploads\/2015\/07\/fml_Logo.jpg","width":186,"height":200,"caption":"Forumi i Mendimit t\u00eb Lir\u00eb"},"image":{"@id":"https:\/\/fml.al\/#\/schema\/logo\/image\/"}},{"@type":"Person","@id":"https:\/\/fml.al\/#\/schema\/person\/a1dd77f6f35c6cdc7974c7312a683446","name":"fml","image":{"@type":"ImageObject","inLanguage":"en-US","@id":"https:\/\/fml.al\/#\/schema\/person\/image\/","url":"https:\/\/secure.gravatar.com\/avatar\/3c805328282e8905fb7373032ca0c59a?s=96&d=mm&r=g","contentUrl":"https:\/\/secure.gravatar.com\/avatar\/3c805328282e8905fb7373032ca0c59a?s=96&d=mm&r=g","caption":"fml"},"url":"http:\/\/fml.al\/index.php\/author\/fml\/"}]}},"_links":{"self":[{"href":"http:\/\/fml.al\/index.php\/wp-json\/wp\/v2\/posts\/788","targetHints":{"allow":["GET"]}}],"collection":[{"href":"http:\/\/fml.al\/index.php\/wp-json\/wp\/v2\/posts"}],"about":[{"href":"http:\/\/fml.al\/index.php\/wp-json\/wp\/v2\/types\/post"}],"author":[{"embeddable":true,"href":"http:\/\/fml.al\/index.php\/wp-json\/wp\/v2\/users\/2"}],"replies":[{"embeddable":true,"href":"http:\/\/fml.al\/index.php\/wp-json\/wp\/v2\/comments?post=788"}],"version-history":[{"count":2,"href":"http:\/\/fml.al\/index.php\/wp-json\/wp\/v2\/posts\/788\/revisions"}],"predecessor-version":[{"id":791,"href":"http:\/\/fml.al\/index.php\/wp-json\/wp\/v2\/posts\/788\/revisions\/791"}],"wp:featuredmedia":[{"embeddable":true,"href":"http:\/\/fml.al\/index.php\/wp-json\/wp\/v2\/media\/789"}],"wp:attachment":[{"href":"http:\/\/fml.al\/index.php\/wp-json\/wp\/v2\/media?parent=788"}],"wp:term":[{"taxonomy":"category","embeddable":true,"href":"http:\/\/fml.al\/index.php\/wp-json\/wp\/v2\/categories?post=788"},{"taxonomy":"post_tag","embeddable":true,"href":"http:\/\/fml.al\/index.php\/wp-json\/wp\/v2\/tags?post=788"}],"curies":[{"name":"wp","href":"https:\/\/api.w.org\/{rel}","templated":true}]}}