{"id":907,"date":"2020-11-19T15:33:28","date_gmt":"2020-11-19T15:33:28","guid":{"rendered":"http:\/\/fml.al\/?p=907"},"modified":"2020-11-19T16:16:03","modified_gmt":"2020-11-19T16:16:03","slug":"materialet-e-gatshme-si-dhune-ndaj-lirise-se-medias","status":"publish","type":"post","link":"http:\/\/fml.al\/index.php\/2020\/11\/19\/materialet-e-gatshme-si-dhune-ndaj-lirise-se-medias\/","title":{"rendered":"Materialet e gatshme, si dhun\u00eb ndaj liris\u00eb s\u00eb medias"},"content":{"rendered":"<p>Gazetar\u00ebt d\u00ebshmojn\u00eb gjendjen e liris\u00eb s\u00eb medias. Organizata Forumi i Mendimit t\u00eb Lir\u00eb ka intervistuar gazetar\u00eb dhe redaktor\u00eb, n\u00eb kuad\u00ebr t\u00eb projektit &#8220;Materialet e gatshme mediatike, si praktik\u00eb q\u00eb cenon lirin\u00eb e medias\u201d, zbatuar nga \u201cPartner\u00ebt Shqip\u00ebri p\u00ebr Ndryshim dhe Zhvillim\u201d, me mb\u00ebshtetjen e Ambasad\u00ebs s\u00eb Norvegjis\u00eb.<\/p>\n<p>Ata tregojn\u00eb se praktika e materialeve t\u00eb gatshme, ka tkurrur ndjesh\u00ebm lirin\u00eb e medias, duke i shnd\u00ebrruar ata, n\u00eb shum\u00eb raste, thjesht\u00eb n\u00eb shp\u00ebrndar\u00ebs t\u00eb lajmeve t\u00eb prodhuara nga zyrat e shtypit t\u00eb institucioneve dhe partive politike.<\/p>\n<p>M\u00eb posht\u00eb po publikojm\u00eb intervist\u00ebn e nj\u00eb gazetareje, n\u00eb nj\u00eb televizion lajmesh News.<\/p>\n<p>1- A informoheni ju paraprakisht p\u00ebr nj\u00eb ngjarje apo aktivitet t\u00eb mbajtur nga Kryeministri, ministrat ose kryetar\u00ebt e partive?<br \/>\nP\u00ebr ministrat asnj\u00ebher\u00eb, p\u00ebrvec rasteve t\u00eb rralla kur ne ftohemi n\u00eb konferenca shtypi. Thuajse e nj\u00ebjta gj\u00eb vlen dhe p\u00ebr kryeministrin dhe kryetar\u00ebt e partive. Njoftimet q\u00eb ne marrim jan\u00eb thuajse gjithmon\u00eb t\u00eb karakterit \u201cpas pak, ose n\u00eb or\u00ebn X, ndiqni n\u00eb Facebook k\u00ebt\u00eb ngjarje\u201d. P\u00ebrjashtime t\u00eb vogla b\u00ebjn\u00eb Asamblet\u00eb dhe Kongreset e partive, ku ne e dim\u00eb disa dit\u00eb para mbajtjen e tyre, dhe kamerat lejohen n\u00eb ambientet e jashtme ku mbahet aktiviteti, por jo n\u00eb brend\u00ebsi t\u00eb sall\u00ebs.<\/p>\n<p>2- N\u00eb rastet kur njoftoheni, a shkon gazetari i TV t\u00eb mbuloj\u00eb ngjarjen apo pret q\u00eb institucioni vet\u00eb t\u00eb sjell\u00eb informacionin ose filmimin e aktivitetit?<\/p>\n<p>Ne shkojm\u00eb at\u00ebher\u00eb kur ftohemi p\u00ebr t\u00eb shkuar, pra p\u00ebr ngjarje t\u00eb m\u00ebdha partiake, ose n\u00eb konferenca shtypi. N\u00eb t\u00eb tjerat, e dim\u00eb q\u00eb nuk jemi t\u00eb ftuar, ndjekim materialet e tyre t\u00eb gatshme, dhe pastaj vler\u00ebsojm\u00eb n\u00ebse ato video p\u00ebrcjellin \u201clajm\u201d apo l\u00ebn\u00eb hap\u00ebsir\u00eb p\u00ebr nj\u00eb panoram\u00eb objektive.<\/p>\n<p>3- A ka raste n\u00eb t\u00eb cilat gazetari informohet p\u00ebr veprimtarin\u00eb, por nuk lejohet t\u00eb marr\u00eb pjes\u00eb, pasi informacionet jan\u00eb p\u00ebrgatitura nga zyra e shtypit e institucionit?<\/p>\n<p>Po. Ka raste. Ne nuk lejohemi me kamerat tona t\u00eb hyjm\u00eb atje, detyrohemi t\u00eb marrim vet\u00ebm sinjalin e prodhuar nga ata. Ka raste t\u00eb ngjashme q\u00eb ftohen vet\u00ebm gazetar\u00ebt, dhe nuk lejohen kamerat. Sidomos n\u00eb deklarata shtypi me delagacione t\u00eb huaja, kur pyetje nuk lejohen, por gazetar\u00ebt ftohen, pa kamera. Pra, thirremi si nj\u00eb audienc\u00eb sy m\u00eb sy. Pa mund\u00ebsi p\u00ebr interaktivitet apo p\u00ebr t\u00eb b\u00ebr\u00eb xhirimet tona. TV nuk b\u00ebjn\u00eb dot diferenc\u00ebn profesionale t\u00eb imazhit, ku mund t\u00eb p\u00ebrdoren detajet dhe t\u00eb gjith\u00eb transmetojm\u00eb t\u00eb nj\u00ebjtat pamje.<\/p>\n<p>4- A ka shum\u00eb ndryshime n\u00eb m\u00ebnyr\u00ebn e trajtimit t\u00eb lajmit, p\u00ebr t\u00eb nj\u00ebjtin aktivitet, n\u00eb rastin kur at\u00eb e sjell vet\u00eb zyra e shtypit, dhe kur at\u00eb e prodhon gazetari q\u00eb e mbulon ngjarjen?<\/p>\n<p>N\u00eb rastin kur punon mbi nj\u00eb material t\u00eb servirur, je i kufizuar. Ti sheh at\u00eb q\u00eb t\u00eb \u00ebsht\u00eb sjell\u00eb. Nuk sheh nj\u00eb panoram\u00eb t\u00eb plot\u00eb, detaje q\u00eb mund t\u00eb b\u00ebjn\u00eb diferenc\u00ebn. Pjes\u00ebmarr\u00ebsit, gjuh\u00ebn e tyre t\u00eb trupit, fjalimin e plot\u00eb. Pra, qartazi \u00ebsht\u00eb e kufizuar mund\u00ebsia kur punohet mbi materialet q\u00eb sjell zyra e shtypit. \u00cbsht\u00eb vet\u00ebm komunikim me nj\u00eb kah. N\u00ebse gazetari merr vet\u00eb pjes\u00eb, ka mund\u00ebsi t\u00eb pyes\u00eb, t\u00eb marr\u00eb p\u00ebrgjigje, t\u00eb krijoj\u00eb nj\u00eb qasje t\u00eb re, duke p\u00ebrfshir\u00eb edhe m\u00eb shum\u00eb aktor\u00eb se sa ato q\u00eb zyra e shtypit ofron.<\/p>\n<div id=\"fb_share_1\" style=\"float: right; margin-left: 10px;\"><a name=\"fb_share\" type=\"box_count\" share_url=\"http:\/\/fml.al\/index.php\/2020\/11\/19\/materialet-e-gatshme-si-dhune-ndaj-lirise-se-medias\/\" href=\"http:\/\/www.facebook.com\/sharer.php\">Share<\/a><\/div><div><script src=\"http:\/\/static.ak.fbcdn.net\/connect.php\/js\/FB.Share\" type=\"text\/javascript\"><\/script><\/div>","protected":false},"excerpt":{"rendered":"<p>Gazetar\u00ebt d\u00ebshmojn\u00eb gjendjen e liris\u00eb s\u00eb medias. Organizata Forumi i Mendimit t\u00eb Lir\u00eb ka intervistuar gazetar\u00eb dhe redaktor\u00eb, n\u00eb kuad\u00ebr t\u00eb projektit &#8220;Materialet e gatshme mediatike, si praktik\u00eb q\u00eb cenon lirin\u00eb e medias\u201d, zbatuar nga \u201cPartner\u00ebt Shqip\u00ebri p\u00ebr Ndryshim dhe Zhvillim\u201d, me mb\u00ebshtetjen e Ambasad\u00ebs s\u00eb Norvegjis\u00eb. Ata tregojn\u00eb se praktika e materialeve t\u00eb gatshme, [&hellip;]<\/p>\n","protected":false},"author":2,"featured_media":909,"comment_status":"open","ping_status":"open","sticky":false,"template":"","format":"standard","meta":{"footnotes":""},"categories":[1],"tags":[],"class_list":["post-907","post","type-post","status-publish","format-standard","has-post-thumbnail","hentry","category-kryesore"],"yoast_head":"<!-- This site is optimized with the Yoast SEO plugin v23.8 - https:\/\/yoast.com\/wordpress\/plugins\/seo\/ -->\n<title>Materialet e gatshme, si dhun\u00eb ndaj liris\u00eb s\u00eb medias - Forumi i Mendimit t\u00eb Lir\u00eb<\/title>\n<meta name=\"robots\" content=\"index, follow, max-snippet:-1, max-image-preview:large, max-video-preview:-1\" \/>\n<link rel=\"canonical\" href=\"https:\/\/fml.al\/index.php\/2020\/11\/19\/materialet-e-gatshme-si-dhune-ndaj-lirise-se-medias\/\" \/>\n<meta property=\"og:locale\" content=\"en_US\" \/>\n<meta property=\"og:type\" content=\"article\" \/>\n<meta property=\"og:title\" content=\"Materialet e gatshme, si dhun\u00eb ndaj liris\u00eb s\u00eb medias - Forumi i Mendimit t\u00eb Lir\u00eb\" \/>\n<meta property=\"og:description\" content=\"Gazetar\u00ebt d\u00ebshmojn\u00eb gjendjen e liris\u00eb s\u00eb medias. Organizata Forumi i Mendimit t\u00eb Lir\u00eb ka intervistuar gazetar\u00eb dhe redaktor\u00eb, n\u00eb kuad\u00ebr t\u00eb projektit &#8220;Materialet e gatshme mediatike, si praktik\u00eb q\u00eb cenon lirin\u00eb e medias\u201d, zbatuar nga \u201cPartner\u00ebt Shqip\u00ebri p\u00ebr Ndryshim dhe Zhvillim\u201d, me mb\u00ebshtetjen e Ambasad\u00ebs s\u00eb Norvegjis\u00eb. Ata tregojn\u00eb se praktika e materialeve t\u00eb gatshme, [&hellip;]\" \/>\n<meta property=\"og:url\" content=\"https:\/\/fml.al\/index.php\/2020\/11\/19\/materialet-e-gatshme-si-dhune-ndaj-lirise-se-medias\/\" \/>\n<meta property=\"og:site_name\" content=\"Forumi i Mendimit t\u00eb Lir\u00eb\" \/>\n<meta property=\"article:published_time\" content=\"2020-11-19T15:33:28+00:00\" \/>\n<meta property=\"article:modified_time\" content=\"2020-11-19T16:16:03+00:00\" \/>\n<meta property=\"og:image\" content=\"https:\/\/fml.al\/wp-content\/uploads\/2020\/11\/6d9eb694-1cd5-4bec-a102-e08163620e96.jpg\" \/>\n\t<meta property=\"og:image:width\" content=\"850\" \/>\n\t<meta property=\"og:image:height\" content=\"534\" \/>\n\t<meta property=\"og:image:type\" content=\"image\/jpeg\" \/>\n<meta name=\"author\" content=\"fml\" \/>\n<meta name=\"twitter:card\" content=\"summary_large_image\" \/>\n<meta name=\"twitter:label1\" content=\"Written by\" \/>\n\t<meta name=\"twitter:data1\" content=\"fml\" \/>\n\t<meta name=\"twitter:label2\" content=\"Est. reading time\" \/>\n\t<meta name=\"twitter:data2\" content=\"3 minutes\" \/>\n<script type=\"application\/ld+json\" class=\"yoast-schema-graph\">{\"@context\":\"https:\/\/schema.org\",\"@graph\":[{\"@type\":\"Article\",\"@id\":\"https:\/\/fml.al\/index.php\/2020\/11\/19\/materialet-e-gatshme-si-dhune-ndaj-lirise-se-medias\/#article\",\"isPartOf\":{\"@id\":\"https:\/\/fml.al\/index.php\/2020\/11\/19\/materialet-e-gatshme-si-dhune-ndaj-lirise-se-medias\/\"},\"author\":{\"name\":\"fml\",\"@id\":\"https:\/\/fml.al\/#\/schema\/person\/a1dd77f6f35c6cdc7974c7312a683446\"},\"headline\":\"Materialet e gatshme, si dhun\u00eb ndaj liris\u00eb s\u00eb medias\",\"datePublished\":\"2020-11-19T15:33:28+00:00\",\"dateModified\":\"2020-11-19T16:16:03+00:00\",\"mainEntityOfPage\":{\"@id\":\"https:\/\/fml.al\/index.php\/2020\/11\/19\/materialet-e-gatshme-si-dhune-ndaj-lirise-se-medias\/\"},\"wordCount\":588,\"commentCount\":0,\"publisher\":{\"@id\":\"https:\/\/fml.al\/#organization\"},\"image\":{\"@id\":\"https:\/\/fml.al\/index.php\/2020\/11\/19\/materialet-e-gatshme-si-dhune-ndaj-lirise-se-medias\/#primaryimage\"},\"thumbnailUrl\":\"http:\/\/fml.al\/wp-content\/uploads\/2020\/11\/6d9eb694-1cd5-4bec-a102-e08163620e96.jpg\",\"articleSection\":[\"Kryesore\"],\"inLanguage\":\"en-US\",\"potentialAction\":[{\"@type\":\"CommentAction\",\"name\":\"Comment\",\"target\":[\"https:\/\/fml.al\/index.php\/2020\/11\/19\/materialet-e-gatshme-si-dhune-ndaj-lirise-se-medias\/#respond\"]}]},{\"@type\":\"WebPage\",\"@id\":\"https:\/\/fml.al\/index.php\/2020\/11\/19\/materialet-e-gatshme-si-dhune-ndaj-lirise-se-medias\/\",\"url\":\"https:\/\/fml.al\/index.php\/2020\/11\/19\/materialet-e-gatshme-si-dhune-ndaj-lirise-se-medias\/\",\"name\":\"Materialet e gatshme, si dhun\u00eb ndaj liris\u00eb s\u00eb medias - Forumi i Mendimit t\u00eb Lir\u00eb\",\"isPartOf\":{\"@id\":\"https:\/\/fml.al\/#website\"},\"primaryImageOfPage\":{\"@id\":\"https:\/\/fml.al\/index.php\/2020\/11\/19\/materialet-e-gatshme-si-dhune-ndaj-lirise-se-medias\/#primaryimage\"},\"image\":{\"@id\":\"https:\/\/fml.al\/index.php\/2020\/11\/19\/materialet-e-gatshme-si-dhune-ndaj-lirise-se-medias\/#primaryimage\"},\"thumbnailUrl\":\"http:\/\/fml.al\/wp-content\/uploads\/2020\/11\/6d9eb694-1cd5-4bec-a102-e08163620e96.jpg\",\"datePublished\":\"2020-11-19T15:33:28+00:00\",\"dateModified\":\"2020-11-19T16:16:03+00:00\",\"breadcrumb\":{\"@id\":\"https:\/\/fml.al\/index.php\/2020\/11\/19\/materialet-e-gatshme-si-dhune-ndaj-lirise-se-medias\/#breadcrumb\"},\"inLanguage\":\"en-US\",\"potentialAction\":[{\"@type\":\"ReadAction\",\"target\":[\"https:\/\/fml.al\/index.php\/2020\/11\/19\/materialet-e-gatshme-si-dhune-ndaj-lirise-se-medias\/\"]}]},{\"@type\":\"ImageObject\",\"inLanguage\":\"en-US\",\"@id\":\"https:\/\/fml.al\/index.php\/2020\/11\/19\/materialet-e-gatshme-si-dhune-ndaj-lirise-se-medias\/#primaryimage\",\"url\":\"http:\/\/fml.al\/wp-content\/uploads\/2020\/11\/6d9eb694-1cd5-4bec-a102-e08163620e96.jpg\",\"contentUrl\":\"http:\/\/fml.al\/wp-content\/uploads\/2020\/11\/6d9eb694-1cd5-4bec-a102-e08163620e96.jpg\",\"width\":850,\"height\":534},{\"@type\":\"BreadcrumbList\",\"@id\":\"https:\/\/fml.al\/index.php\/2020\/11\/19\/materialet-e-gatshme-si-dhune-ndaj-lirise-se-medias\/#breadcrumb\",\"itemListElement\":[{\"@type\":\"ListItem\",\"position\":1,\"name\":\"Home\",\"item\":\"https:\/\/fml.al\/\"},{\"@type\":\"ListItem\",\"position\":2,\"name\":\"Materialet e gatshme, si dhun\u00eb ndaj liris\u00eb s\u00eb medias\"}]},{\"@type\":\"WebSite\",\"@id\":\"https:\/\/fml.al\/#website\",\"url\":\"https:\/\/fml.al\/\",\"name\":\"Forumi i Mendimit t\u00eb Lir\u00eb\",\"description\":\"FML.al\",\"publisher\":{\"@id\":\"https:\/\/fml.al\/#organization\"},\"potentialAction\":[{\"@type\":\"SearchAction\",\"target\":{\"@type\":\"EntryPoint\",\"urlTemplate\":\"https:\/\/fml.al\/?s={search_term_string}\"},\"query-input\":{\"@type\":\"PropertyValueSpecification\",\"valueRequired\":true,\"valueName\":\"search_term_string\"}}],\"inLanguage\":\"en-US\"},{\"@type\":\"Organization\",\"@id\":\"https:\/\/fml.al\/#organization\",\"name\":\"Forumi i Mendimit t\u00eb Lir\u00eb\",\"url\":\"https:\/\/fml.al\/\",\"logo\":{\"@type\":\"ImageObject\",\"inLanguage\":\"en-US\",\"@id\":\"https:\/\/fml.al\/#\/schema\/logo\/image\/\",\"url\":\"https:\/\/fml.al\/wp-content\/uploads\/2015\/07\/fml_Logo.jpg\",\"contentUrl\":\"https:\/\/fml.al\/wp-content\/uploads\/2015\/07\/fml_Logo.jpg\",\"width\":186,\"height\":200,\"caption\":\"Forumi i Mendimit t\u00eb Lir\u00eb\"},\"image\":{\"@id\":\"https:\/\/fml.al\/#\/schema\/logo\/image\/\"}},{\"@type\":\"Person\",\"@id\":\"https:\/\/fml.al\/#\/schema\/person\/a1dd77f6f35c6cdc7974c7312a683446\",\"name\":\"fml\",\"image\":{\"@type\":\"ImageObject\",\"inLanguage\":\"en-US\",\"@id\":\"https:\/\/fml.al\/#\/schema\/person\/image\/\",\"url\":\"https:\/\/secure.gravatar.com\/avatar\/3c805328282e8905fb7373032ca0c59a?s=96&d=mm&r=g\",\"contentUrl\":\"https:\/\/secure.gravatar.com\/avatar\/3c805328282e8905fb7373032ca0c59a?s=96&d=mm&r=g\",\"caption\":\"fml\"},\"url\":\"http:\/\/fml.al\/index.php\/author\/fml\/\"}]}<\/script>\n<!-- \/ Yoast SEO plugin. -->","yoast_head_json":{"title":"Materialet e gatshme, si dhun\u00eb ndaj liris\u00eb s\u00eb medias - Forumi i Mendimit t\u00eb Lir\u00eb","robots":{"index":"index","follow":"follow","max-snippet":"max-snippet:-1","max-image-preview":"max-image-preview:large","max-video-preview":"max-video-preview:-1"},"canonical":"https:\/\/fml.al\/index.php\/2020\/11\/19\/materialet-e-gatshme-si-dhune-ndaj-lirise-se-medias\/","og_locale":"en_US","og_type":"article","og_title":"Materialet e gatshme, si dhun\u00eb ndaj liris\u00eb s\u00eb medias - Forumi i Mendimit t\u00eb Lir\u00eb","og_description":"Gazetar\u00ebt d\u00ebshmojn\u00eb gjendjen e liris\u00eb s\u00eb medias. Organizata Forumi i Mendimit t\u00eb Lir\u00eb ka intervistuar gazetar\u00eb dhe redaktor\u00eb, n\u00eb kuad\u00ebr t\u00eb projektit &#8220;Materialet e gatshme mediatike, si praktik\u00eb q\u00eb cenon lirin\u00eb e medias\u201d, zbatuar nga \u201cPartner\u00ebt Shqip\u00ebri p\u00ebr Ndryshim dhe Zhvillim\u201d, me mb\u00ebshtetjen e Ambasad\u00ebs s\u00eb Norvegjis\u00eb. Ata tregojn\u00eb se praktika e materialeve t\u00eb gatshme, [&hellip;]","og_url":"https:\/\/fml.al\/index.php\/2020\/11\/19\/materialet-e-gatshme-si-dhune-ndaj-lirise-se-medias\/","og_site_name":"Forumi i Mendimit t\u00eb Lir\u00eb","article_published_time":"2020-11-19T15:33:28+00:00","article_modified_time":"2020-11-19T16:16:03+00:00","og_image":[{"width":850,"height":534,"url":"https:\/\/fml.al\/wp-content\/uploads\/2020\/11\/6d9eb694-1cd5-4bec-a102-e08163620e96.jpg","type":"image\/jpeg"}],"author":"fml","twitter_card":"summary_large_image","twitter_misc":{"Written by":"fml","Est. reading time":"3 minutes"},"schema":{"@context":"https:\/\/schema.org","@graph":[{"@type":"Article","@id":"https:\/\/fml.al\/index.php\/2020\/11\/19\/materialet-e-gatshme-si-dhune-ndaj-lirise-se-medias\/#article","isPartOf":{"@id":"https:\/\/fml.al\/index.php\/2020\/11\/19\/materialet-e-gatshme-si-dhune-ndaj-lirise-se-medias\/"},"author":{"name":"fml","@id":"https:\/\/fml.al\/#\/schema\/person\/a1dd77f6f35c6cdc7974c7312a683446"},"headline":"Materialet e gatshme, si dhun\u00eb ndaj liris\u00eb s\u00eb medias","datePublished":"2020-11-19T15:33:28+00:00","dateModified":"2020-11-19T16:16:03+00:00","mainEntityOfPage":{"@id":"https:\/\/fml.al\/index.php\/2020\/11\/19\/materialet-e-gatshme-si-dhune-ndaj-lirise-se-medias\/"},"wordCount":588,"commentCount":0,"publisher":{"@id":"https:\/\/fml.al\/#organization"},"image":{"@id":"https:\/\/fml.al\/index.php\/2020\/11\/19\/materialet-e-gatshme-si-dhune-ndaj-lirise-se-medias\/#primaryimage"},"thumbnailUrl":"http:\/\/fml.al\/wp-content\/uploads\/2020\/11\/6d9eb694-1cd5-4bec-a102-e08163620e96.jpg","articleSection":["Kryesore"],"inLanguage":"en-US","potentialAction":[{"@type":"CommentAction","name":"Comment","target":["https:\/\/fml.al\/index.php\/2020\/11\/19\/materialet-e-gatshme-si-dhune-ndaj-lirise-se-medias\/#respond"]}]},{"@type":"WebPage","@id":"https:\/\/fml.al\/index.php\/2020\/11\/19\/materialet-e-gatshme-si-dhune-ndaj-lirise-se-medias\/","url":"https:\/\/fml.al\/index.php\/2020\/11\/19\/materialet-e-gatshme-si-dhune-ndaj-lirise-se-medias\/","name":"Materialet e gatshme, si dhun\u00eb ndaj liris\u00eb s\u00eb medias - Forumi i Mendimit t\u00eb Lir\u00eb","isPartOf":{"@id":"https:\/\/fml.al\/#website"},"primaryImageOfPage":{"@id":"https:\/\/fml.al\/index.php\/2020\/11\/19\/materialet-e-gatshme-si-dhune-ndaj-lirise-se-medias\/#primaryimage"},"image":{"@id":"https:\/\/fml.al\/index.php\/2020\/11\/19\/materialet-e-gatshme-si-dhune-ndaj-lirise-se-medias\/#primaryimage"},"thumbnailUrl":"http:\/\/fml.al\/wp-content\/uploads\/2020\/11\/6d9eb694-1cd5-4bec-a102-e08163620e96.jpg","datePublished":"2020-11-19T15:33:28+00:00","dateModified":"2020-11-19T16:16:03+00:00","breadcrumb":{"@id":"https:\/\/fml.al\/index.php\/2020\/11\/19\/materialet-e-gatshme-si-dhune-ndaj-lirise-se-medias\/#breadcrumb"},"inLanguage":"en-US","potentialAction":[{"@type":"ReadAction","target":["https:\/\/fml.al\/index.php\/2020\/11\/19\/materialet-e-gatshme-si-dhune-ndaj-lirise-se-medias\/"]}]},{"@type":"ImageObject","inLanguage":"en-US","@id":"https:\/\/fml.al\/index.php\/2020\/11\/19\/materialet-e-gatshme-si-dhune-ndaj-lirise-se-medias\/#primaryimage","url":"http:\/\/fml.al\/wp-content\/uploads\/2020\/11\/6d9eb694-1cd5-4bec-a102-e08163620e96.jpg","contentUrl":"http:\/\/fml.al\/wp-content\/uploads\/2020\/11\/6d9eb694-1cd5-4bec-a102-e08163620e96.jpg","width":850,"height":534},{"@type":"BreadcrumbList","@id":"https:\/\/fml.al\/index.php\/2020\/11\/19\/materialet-e-gatshme-si-dhune-ndaj-lirise-se-medias\/#breadcrumb","itemListElement":[{"@type":"ListItem","position":1,"name":"Home","item":"https:\/\/fml.al\/"},{"@type":"ListItem","position":2,"name":"Materialet e gatshme, si dhun\u00eb ndaj liris\u00eb s\u00eb medias"}]},{"@type":"WebSite","@id":"https:\/\/fml.al\/#website","url":"https:\/\/fml.al\/","name":"Forumi i Mendimit t\u00eb Lir\u00eb","description":"FML.al","publisher":{"@id":"https:\/\/fml.al\/#organization"},"potentialAction":[{"@type":"SearchAction","target":{"@type":"EntryPoint","urlTemplate":"https:\/\/fml.al\/?s={search_term_string}"},"query-input":{"@type":"PropertyValueSpecification","valueRequired":true,"valueName":"search_term_string"}}],"inLanguage":"en-US"},{"@type":"Organization","@id":"https:\/\/fml.al\/#organization","name":"Forumi i Mendimit t\u00eb Lir\u00eb","url":"https:\/\/fml.al\/","logo":{"@type":"ImageObject","inLanguage":"en-US","@id":"https:\/\/fml.al\/#\/schema\/logo\/image\/","url":"https:\/\/fml.al\/wp-content\/uploads\/2015\/07\/fml_Logo.jpg","contentUrl":"https:\/\/fml.al\/wp-content\/uploads\/2015\/07\/fml_Logo.jpg","width":186,"height":200,"caption":"Forumi i Mendimit t\u00eb Lir\u00eb"},"image":{"@id":"https:\/\/fml.al\/#\/schema\/logo\/image\/"}},{"@type":"Person","@id":"https:\/\/fml.al\/#\/schema\/person\/a1dd77f6f35c6cdc7974c7312a683446","name":"fml","image":{"@type":"ImageObject","inLanguage":"en-US","@id":"https:\/\/fml.al\/#\/schema\/person\/image\/","url":"https:\/\/secure.gravatar.com\/avatar\/3c805328282e8905fb7373032ca0c59a?s=96&d=mm&r=g","contentUrl":"https:\/\/secure.gravatar.com\/avatar\/3c805328282e8905fb7373032ca0c59a?s=96&d=mm&r=g","caption":"fml"},"url":"http:\/\/fml.al\/index.php\/author\/fml\/"}]}},"_links":{"self":[{"href":"http:\/\/fml.al\/index.php\/wp-json\/wp\/v2\/posts\/907","targetHints":{"allow":["GET"]}}],"collection":[{"href":"http:\/\/fml.al\/index.php\/wp-json\/wp\/v2\/posts"}],"about":[{"href":"http:\/\/fml.al\/index.php\/wp-json\/wp\/v2\/types\/post"}],"author":[{"embeddable":true,"href":"http:\/\/fml.al\/index.php\/wp-json\/wp\/v2\/users\/2"}],"replies":[{"embeddable":true,"href":"http:\/\/fml.al\/index.php\/wp-json\/wp\/v2\/comments?post=907"}],"version-history":[{"count":1,"href":"http:\/\/fml.al\/index.php\/wp-json\/wp\/v2\/posts\/907\/revisions"}],"predecessor-version":[{"id":908,"href":"http:\/\/fml.al\/index.php\/wp-json\/wp\/v2\/posts\/907\/revisions\/908"}],"wp:featuredmedia":[{"embeddable":true,"href":"http:\/\/fml.al\/index.php\/wp-json\/wp\/v2\/media\/909"}],"wp:attachment":[{"href":"http:\/\/fml.al\/index.php\/wp-json\/wp\/v2\/media?parent=907"}],"wp:term":[{"taxonomy":"category","embeddable":true,"href":"http:\/\/fml.al\/index.php\/wp-json\/wp\/v2\/categories?post=907"},{"taxonomy":"post_tag","embeddable":true,"href":"http:\/\/fml.al\/index.php\/wp-json\/wp\/v2\/tags?post=907"}],"curies":[{"name":"wp","href":"https:\/\/api.w.org\/{rel}","templated":true}]}}